{"id":1498,"date":"2015-11-26T14:47:26","date_gmt":"2015-11-26T13:47:26","guid":{"rendered":"http:\/\/www.las-islas-reisen.de\/magazin\/?p=1498"},"modified":"2026-03-12T09:11:20","modified_gmt":"2026-03-12T08:11:20","slug":"mallorca-von-oben","status":"publish","type":"post","link":"https:\/\/www.las-islas-reisen.de\/magazin\/mallorca-von-oben\/","title":{"rendered":"Sie kennen Mallorca? So nicht!"},"content":{"rendered":"\n<p>Ein Bildband \u00fcber Mallorca? Schon wieder? Ist die Insel nicht hinreichend abgebildet, geschildert, vertont, analysiert und bedichtet worden? Sind Sie selbst nicht \u00fcberall gewesen und besitzen eine Festplatte privater Mallorca-Fotos? Trotz alledem hat der Fotograf Danyel Andr\u00e9 sich auf den Versuch eingelassen, seiner Lieblingsinsel eine neue Seite abzugewinnen. Und der Versuch ist gelungen. &#8222;\u00dcber Mallorca&#8220; hei\u00dft das Ergebnis. Der renommierte Reiseschriftsteller Lothar Schmidt hat den Kommentar dazu geschrieben. Und Peter Maffay, das Vorwort.<\/p>\n\n\n\n<figure class=\"wp-block-image alignnone wp-image-1506 size-full\"><img decoding=\"async\" width=\"670\" height=\"447\" src=\"https:\/\/www.las-islas-reisen.de\/magazin\/wp-content\/uploads\/2015\/11\/bucht.jpg\" alt=\"Palma\" class=\"wp-image-1506\" srcset=\"https:\/\/www.las-islas-reisen.de\/magazin\/wp-content\/uploads\/2015\/11\/bucht.jpg 670w, https:\/\/www.las-islas-reisen.de\/magazin\/wp-content\/uploads\/2015\/11\/bucht-300x200.jpg 300w\" sizes=\"(max-width: 670px) 100vw, 670px\" \/><figcaption class=\"wp-element-caption\">Foto: Danyel Andr\u00e9<\/figcaption><\/figure>\n\n\n\n<p>&#8222;\u00dcber Mallorca&#8220; ist w\u00f6rtlich zu nehmen. Diese Bilder befinden sich nicht in Ihrer privaten Fotosammlung &#8211; es sei denn, Sie h\u00e4tten sich einen Hubschrauber gechartert. Nat\u00fcrlich gibt es genug Luftaufnahmen der sch\u00f6nen Baleareninsel. Doch <strong>Andr\u00e9s Bilder ziehen magisch an<\/strong>. Dieser Fotograf vereint in seiner Arbeit drei Eigenschaften: Sinn f\u00fcr Geometrie; Sinn f\u00fcr das zauberhafte Licht; und eine tiefe Liebe zu seiner Wahlheimat. Denn Danyel Andr\u00e9 lebt und arbeitet auf Mallorca. Er besitzt den Enthusiasmus der Zugezogenen. So wie Peter Maffay, der seit den 70er Jahren nicht mehr von der Baleareninsel loskommt. Sein Vorwort f\u00fchrt aufs Sch\u00f6nste in diesen Bildband f\u00fcr \u00dcberflieger ein.<\/p>\n\n\n\n<figure class=\"wp-block-image alignnone wp-image-1507 size-full\"><img decoding=\"async\" width=\"670\" height=\"447\" src=\"https:\/\/www.las-islas-reisen.de\/magazin\/wp-content\/uploads\/2015\/11\/palma-aus-der-luft.jpg\" alt=\"Palma aus der Luft\" class=\"wp-image-1507\" srcset=\"https:\/\/www.las-islas-reisen.de\/magazin\/wp-content\/uploads\/2015\/11\/palma-aus-der-luft.jpg 670w, https:\/\/www.las-islas-reisen.de\/magazin\/wp-content\/uploads\/2015\/11\/palma-aus-der-luft-300x200.jpg 300w\" sizes=\"(max-width: 670px) 100vw, 670px\" \/><figcaption class=\"wp-element-caption\">Foto: Danyel Andr\u00e9<\/figcaption><\/figure>\n\n\n\n<p>Fotografen lieben die fr\u00fchen Morgen- und Abendstunden, die Stunden der Lichtmagie. Um seine Bilder zu schie\u00dfen, musste Andr\u00e9 Beziehungen spielen lassen &#8211; der mallorquinische Flugplatz Son Bonet hat kein Verst\u00e4ndnis f\u00fcr k\u00fcnstlerische Sonderabflugzeiten. Also startete und landete Andr\u00e9s Hubschrauber auf dem gro\u00dfen Privatgrundst\u00fcck eines Freundes. Auf seinen Ausfl\u00fcgen fing der Fotograf die bekannten und <strong>versteckten Seiten der Insel<\/strong> ein. Und selbst solchen Gel\u00e4ufigkeiten wie dem S&#8217;Arenal-Strand gewinnt er mit seinem Sinn f\u00fcr geometrische Kompositionen neue \u00c4sthetik ab. Ob es die gigantische Altstadt von Palma ist, die aufger\u00e4umte Poollandschaft einer Ferienanlage, ein Stra\u00dfenkreisel mit dem Detail einer historischen M\u00fchle (Andreas Gursky l\u00e4sst gr\u00fc\u00dfen) oder die wie auf einem unentdeckten Kontinent liegende Gebirgslandschaft der Serra de Tramuntana.<\/p>\n\n\n\n<figure class=\"wp-block-image alignnone wp-image-1517 size-full\"><img decoding=\"async\" width=\"670\" height=\"447\" src=\"https:\/\/www.las-islas-reisen.de\/magazin\/wp-content\/uploads\/2015\/11\/insel-3.jpg\" alt=\"\" class=\"wp-image-1517\" srcset=\"https:\/\/www.las-islas-reisen.de\/magazin\/wp-content\/uploads\/2015\/11\/insel-3.jpg 670w, https:\/\/www.las-islas-reisen.de\/magazin\/wp-content\/uploads\/2015\/11\/insel-3-300x200.jpg 300w\" sizes=\"(max-width: 670px) 100vw, 670px\" \/><figcaption class=\"wp-element-caption\">Foto: Danyel Andr\u00e9<\/figcaption><\/figure>\n\n\n\n<p>Andr\u00e9 schl\u00e4gt Bild um Bild eine neue, traumhafte Seite der Insel auf. Und von dem Mittelmeerlicht, das diese Insel umschwebt, kann der Betrachter nicht genug bekommen. Sch\u00f6n, dass Andr\u00e9 so fr\u00fch aufgestanden ist! Lothar Schmidts kluge, kundige Kommentare runden das vielseitige Bild des Balearenkleinods ab.<\/p>\n\n\n\n<figure class=\"wp-block-image\"><img decoding=\"async\" width=\"670\" height=\"715\" src=\"https:\/\/www.las-islas-reisen.de\/magazin\/wp-content\/uploads\/2015\/11\/buch.jpg\" alt=\"Bildband \u00dcber Mallorca\" class=\"wp-image-1509\" srcset=\"https:\/\/www.las-islas-reisen.de\/magazin\/wp-content\/uploads\/2015\/11\/buch.jpg 670w, https:\/\/www.las-islas-reisen.de\/magazin\/wp-content\/uploads\/2015\/11\/buch-281x300.jpg 281w\" sizes=\"(max-width: 670px) 100vw, 670px\" \/><\/figure>\n\n\n\n<blockquote class=\"wp-block-quote is-layout-flow wp-block-quote-is-layout-flow\">\n<p>Der hochwertige Bildband &#8222;\u00dcber Mallorca&#8220; ist im Frederking &amp; Thaler Verlag erschienen und kostet 49,99 Euro.<\/p>\n<\/blockquote>\n\n\n\n<h3 class=\"wp-block-heading\">Weiterf\u00fchrende Links<\/h3>\n\n\n\n<ul class=\"wp-block-list\">\n<li><a href=\"http:\/\/www.verlagshaus.de\/news-4064-335-335-itb_buchawards_ueber_mallorca_als_bester_reisebildband_ausgezeichnet.html\" target=\"_blank\" rel=\"noopener noreferrer\">&#8222;\u00dcber Mallorca&#8220; bei den ITB BuchAwards als bester Reisebildband ausgezeichnet<\/a><\/li>\n<\/ul>\n\n\n\n<p>Alle Fotos: \u00a9 Danyel Andr\u00e9 \/ Frederking &amp; Thaler Verlag<\/p>\n","protected":false},"excerpt":{"rendered":"<p>Ein Bildband \u00fcber Mallorca? Schon wieder? Ist die Insel nicht hinreichend abgebildet, geschildert, vertont, analysiert und bedichtet worden? Sind Sie selbst nicht \u00fcberall gewesen und besitzen eine Festplatte privater Mallorca-Fotos? Trotz alledem hat der Fotograf Danyel Andr\u00e9 sich auf den Versuch eingelassen, seiner Lieblingsinsel eine neue Seite abzugewinnen. Und der Versuch ist gelungen. &#8222;\u00dcber Mallorca&#8220;&#8230;<\/p>\n","protected":false},"author":1,"featured_media":1517,"comment_status":"open","ping_status":"open","sticky":false,"template":"","format":"standard","meta":{"_lmt_disableupdate":"","_lmt_disable":"","_kad_post_transparent":"","_kad_post_title":"","_kad_post_layout":"","_kad_post_sidebar_id":"","_kad_post_content_style":"","_kad_post_vertical_padding":"","_kad_post_feature":"","_kad_post_feature_position":"","_kad_post_header":false,"_kad_post_footer":false,"_kad_post_classname":"","footnotes":""},"categories":[21],"tags":[],"class_list":["post-1498","post","type-post","status-publish","format-standard","has-post-thumbnail","hentry","category-gut-zu-wissen"],"yoast_head":"<!-- This site is optimized with the Yoast SEO plugin v27.2 - https:\/\/yoast.com\/product\/yoast-seo-wordpress\/ -->\n<title>\u1405 Mallorca von oben \u00bb Aufnahmen aus der Luft<\/title>\n<meta name=\"description\" content=\"Ein Bildband \u00fcber Mallorca? Schon wieder? Ist die Insel nicht hinreichend abgebildet, geschildert, vertont, analysiert und bedichtet worden? Sind Sie\" \/>\n<meta name=\"robots\" content=\"index, follow, max-snippet:-1, max-image-preview:large, max-video-preview:-1\" \/>\n<link rel=\"canonical\" href=\"https:\/\/www.las-islas-reisen.de\/magazin\/mallorca-von-oben\/\" \/>\n<meta name=\"twitter:label1\" content=\"Verfasst von\" \/>\n\t<meta name=\"twitter:data1\" content=\"Las Islas Reisen\" \/>\n\t<meta name=\"twitter:label2\" content=\"Gesch\u00e4tzte Lesezeit\" \/>\n\t<meta name=\"twitter:data2\" content=\"4\u00a0Minuten\" \/>\n<script type=\"application\/ld+json\" class=\"yoast-schema-graph\">{\"@context\":\"https:\/\/schema.org\",\"@graph\":[{\"@type\":\"Article\",\"@id\":\"https:\/\/www.las-islas-reisen.de\/magazin\/mallorca-von-oben\/#article\",\"isPartOf\":{\"@id\":\"https:\/\/www.las-islas-reisen.de\/magazin\/mallorca-von-oben\/\"},\"author\":{\"name\":\"Las Islas Reisen\",\"@id\":\"https:\/\/www.las-islas-reisen.de\/magazin\/#\/schema\/person\/3518c9096bde8c3b0c3c5175ddda68f1\"},\"headline\":\"Sie kennen Mallorca? So nicht!\",\"datePublished\":\"2015-11-26T13:47:26+00:00\",\"dateModified\":\"2026-03-12T08:11:20+00:00\",\"mainEntityOfPage\":{\"@id\":\"https:\/\/www.las-islas-reisen.de\/magazin\/mallorca-von-oben\/\"},\"wordCount\":415,\"commentCount\":0,\"publisher\":{\"@id\":\"https:\/\/www.las-islas-reisen.de\/magazin\/#organization\"},\"image\":{\"@id\":\"https:\/\/www.las-islas-reisen.de\/magazin\/mallorca-von-oben\/#primaryimage\"},\"thumbnailUrl\":\"https:\/\/www.las-islas-reisen.de\/magazin\/wp-content\/uploads\/2015\/11\/insel-3.jpg\",\"articleSection\":[\"Gut zu wissen\"],\"inLanguage\":\"de\",\"potentialAction\":[{\"@type\":\"CommentAction\",\"name\":\"Comment\",\"target\":[\"https:\/\/www.las-islas-reisen.de\/magazin\/mallorca-von-oben\/#respond\"]}]},{\"@type\":\"WebPage\",\"@id\":\"https:\/\/www.las-islas-reisen.de\/magazin\/mallorca-von-oben\/\",\"url\":\"https:\/\/www.las-islas-reisen.de\/magazin\/mallorca-von-oben\/\",\"name\":\"\u1405 Mallorca von oben \u00bb Aufnahmen aus der Luft\",\"isPartOf\":{\"@id\":\"https:\/\/www.las-islas-reisen.de\/magazin\/#website\"},\"primaryImageOfPage\":{\"@id\":\"https:\/\/www.las-islas-reisen.de\/magazin\/mallorca-von-oben\/#primaryimage\"},\"image\":{\"@id\":\"https:\/\/www.las-islas-reisen.de\/magazin\/mallorca-von-oben\/#primaryimage\"},\"thumbnailUrl\":\"https:\/\/www.las-islas-reisen.de\/magazin\/wp-content\/uploads\/2015\/11\/insel-3.jpg\",\"datePublished\":\"2015-11-26T13:47:26+00:00\",\"dateModified\":\"2026-03-12T08:11:20+00:00\",\"description\":\"Ein Bildband \u00fcber Mallorca? Schon wieder? Ist die Insel nicht hinreichend abgebildet, geschildert, vertont, analysiert und bedichtet worden? Sind Sie\",\"breadcrumb\":{\"@id\":\"https:\/\/www.las-islas-reisen.de\/magazin\/mallorca-von-oben\/#breadcrumb\"},\"inLanguage\":\"de\",\"potentialAction\":[{\"@type\":\"ReadAction\",\"target\":[\"https:\/\/www.las-islas-reisen.de\/magazin\/mallorca-von-oben\/\"]}]},{\"@type\":\"ImageObject\",\"inLanguage\":\"de\",\"@id\":\"https:\/\/www.las-islas-reisen.de\/magazin\/mallorca-von-oben\/#primaryimage\",\"url\":\"https:\/\/www.las-islas-reisen.de\/magazin\/wp-content\/uploads\/2015\/11\/insel-3.jpg\",\"contentUrl\":\"https:\/\/www.las-islas-reisen.de\/magazin\/wp-content\/uploads\/2015\/11\/insel-3.jpg\",\"width\":670,\"height\":447,\"caption\":\"Mallorca aus der Luft\"},{\"@type\":\"BreadcrumbList\",\"@id\":\"https:\/\/www.las-islas-reisen.de\/magazin\/mallorca-von-oben\/#breadcrumb\",\"itemListElement\":[{\"@type\":\"ListItem\",\"position\":1,\"name\":\"Home\",\"item\":\"https:\/\/www.las-islas-reisen.de\/magazin\/\"},{\"@type\":\"ListItem\",\"position\":2,\"name\":\"Sie kennen Mallorca? So nicht!\"}]},{\"@type\":\"WebSite\",\"@id\":\"https:\/\/www.las-islas-reisen.de\/magazin\/#website\",\"url\":\"https:\/\/www.las-islas-reisen.de\/magazin\/\",\"name\":\"\",\"description\":\"\",\"publisher\":{\"@id\":\"https:\/\/www.las-islas-reisen.de\/magazin\/#organization\"},\"potentialAction\":[{\"@type\":\"SearchAction\",\"target\":{\"@type\":\"EntryPoint\",\"urlTemplate\":\"https:\/\/www.las-islas-reisen.de\/magazin\/?s={search_term_string}\"},\"query-input\":{\"@type\":\"PropertyValueSpecification\",\"valueRequired\":true,\"valueName\":\"search_term_string\"}}],\"inLanguage\":\"de\"},{\"@type\":\"Organization\",\"@id\":\"https:\/\/www.las-islas-reisen.de\/magazin\/#organization\",\"name\":\"Las Islas Reisen GmbH\",\"url\":\"https:\/\/www.las-islas-reisen.de\/magazin\/\",\"logo\":{\"@type\":\"ImageObject\",\"inLanguage\":\"de\",\"@id\":\"https:\/\/www.las-islas-reisen.de\/magazin\/#\/schema\/logo\/image\/\",\"url\":\"https:\/\/www.las-islas-reisen.de\/magazin\/wp-content\/uploads\/2015\/06\/logo6.jpg\",\"contentUrl\":\"https:\/\/www.las-islas-reisen.de\/magazin\/wp-content\/uploads\/2015\/06\/logo6.jpg\",\"width\":700,\"height\":700,\"caption\":\"Las Islas Reisen GmbH\"},\"image\":{\"@id\":\"https:\/\/www.las-islas-reisen.de\/magazin\/#\/schema\/logo\/image\/\"}},{\"@type\":\"Person\",\"@id\":\"https:\/\/www.las-islas-reisen.de\/magazin\/#\/schema\/person\/3518c9096bde8c3b0c3c5175ddda68f1\",\"name\":\"Las Islas Reisen\"}]}<\/script>\n<!-- \/ Yoast SEO plugin. -->","yoast_head_json":{"title":"\u1405 Mallorca von oben \u00bb Aufnahmen aus der Luft","description":"Ein Bildband \u00fcber Mallorca? Schon wieder? Ist die Insel nicht hinreichend abgebildet, geschildert, vertont, analysiert und bedichtet worden? Sind Sie","robots":{"index":"index","follow":"follow","max-snippet":"max-snippet:-1","max-image-preview":"max-image-preview:large","max-video-preview":"max-video-preview:-1"},"canonical":"https:\/\/www.las-islas-reisen.de\/magazin\/mallorca-von-oben\/","twitter_misc":{"Verfasst von":"Las Islas Reisen","Gesch\u00e4tzte Lesezeit":"4\u00a0Minuten"},"schema":{"@context":"https:\/\/schema.org","@graph":[{"@type":"Article","@id":"https:\/\/www.las-islas-reisen.de\/magazin\/mallorca-von-oben\/#article","isPartOf":{"@id":"https:\/\/www.las-islas-reisen.de\/magazin\/mallorca-von-oben\/"},"author":{"name":"Las Islas Reisen","@id":"https:\/\/www.las-islas-reisen.de\/magazin\/#\/schema\/person\/3518c9096bde8c3b0c3c5175ddda68f1"},"headline":"Sie kennen Mallorca? So nicht!","datePublished":"2015-11-26T13:47:26+00:00","dateModified":"2026-03-12T08:11:20+00:00","mainEntityOfPage":{"@id":"https:\/\/www.las-islas-reisen.de\/magazin\/mallorca-von-oben\/"},"wordCount":415,"commentCount":0,"publisher":{"@id":"https:\/\/www.las-islas-reisen.de\/magazin\/#organization"},"image":{"@id":"https:\/\/www.las-islas-reisen.de\/magazin\/mallorca-von-oben\/#primaryimage"},"thumbnailUrl":"https:\/\/www.las-islas-reisen.de\/magazin\/wp-content\/uploads\/2015\/11\/insel-3.jpg","articleSection":["Gut zu wissen"],"inLanguage":"de","potentialAction":[{"@type":"CommentAction","name":"Comment","target":["https:\/\/www.las-islas-reisen.de\/magazin\/mallorca-von-oben\/#respond"]}]},{"@type":"WebPage","@id":"https:\/\/www.las-islas-reisen.de\/magazin\/mallorca-von-oben\/","url":"https:\/\/www.las-islas-reisen.de\/magazin\/mallorca-von-oben\/","name":"\u1405 Mallorca von oben \u00bb Aufnahmen aus der Luft","isPartOf":{"@id":"https:\/\/www.las-islas-reisen.de\/magazin\/#website"},"primaryImageOfPage":{"@id":"https:\/\/www.las-islas-reisen.de\/magazin\/mallorca-von-oben\/#primaryimage"},"image":{"@id":"https:\/\/www.las-islas-reisen.de\/magazin\/mallorca-von-oben\/#primaryimage"},"thumbnailUrl":"https:\/\/www.las-islas-reisen.de\/magazin\/wp-content\/uploads\/2015\/11\/insel-3.jpg","datePublished":"2015-11-26T13:47:26+00:00","dateModified":"2026-03-12T08:11:20+00:00","description":"Ein Bildband \u00fcber Mallorca? Schon wieder? Ist die Insel nicht hinreichend abgebildet, geschildert, vertont, analysiert und bedichtet worden? Sind Sie","breadcrumb":{"@id":"https:\/\/www.las-islas-reisen.de\/magazin\/mallorca-von-oben\/#breadcrumb"},"inLanguage":"de","potentialAction":[{"@type":"ReadAction","target":["https:\/\/www.las-islas-reisen.de\/magazin\/mallorca-von-oben\/"]}]},{"@type":"ImageObject","inLanguage":"de","@id":"https:\/\/www.las-islas-reisen.de\/magazin\/mallorca-von-oben\/#primaryimage","url":"https:\/\/www.las-islas-reisen.de\/magazin\/wp-content\/uploads\/2015\/11\/insel-3.jpg","contentUrl":"https:\/\/www.las-islas-reisen.de\/magazin\/wp-content\/uploads\/2015\/11\/insel-3.jpg","width":670,"height":447,"caption":"Mallorca aus der Luft"},{"@type":"BreadcrumbList","@id":"https:\/\/www.las-islas-reisen.de\/magazin\/mallorca-von-oben\/#breadcrumb","itemListElement":[{"@type":"ListItem","position":1,"name":"Home","item":"https:\/\/www.las-islas-reisen.de\/magazin\/"},{"@type":"ListItem","position":2,"name":"Sie kennen Mallorca? So nicht!"}]},{"@type":"WebSite","@id":"https:\/\/www.las-islas-reisen.de\/magazin\/#website","url":"https:\/\/www.las-islas-reisen.de\/magazin\/","name":"","description":"","publisher":{"@id":"https:\/\/www.las-islas-reisen.de\/magazin\/#organization"},"potentialAction":[{"@type":"SearchAction","target":{"@type":"EntryPoint","urlTemplate":"https:\/\/www.las-islas-reisen.de\/magazin\/?s={search_term_string}"},"query-input":{"@type":"PropertyValueSpecification","valueRequired":true,"valueName":"search_term_string"}}],"inLanguage":"de"},{"@type":"Organization","@id":"https:\/\/www.las-islas-reisen.de\/magazin\/#organization","name":"Las Islas Reisen GmbH","url":"https:\/\/www.las-islas-reisen.de\/magazin\/","logo":{"@type":"ImageObject","inLanguage":"de","@id":"https:\/\/www.las-islas-reisen.de\/magazin\/#\/schema\/logo\/image\/","url":"https:\/\/www.las-islas-reisen.de\/magazin\/wp-content\/uploads\/2015\/06\/logo6.jpg","contentUrl":"https:\/\/www.las-islas-reisen.de\/magazin\/wp-content\/uploads\/2015\/06\/logo6.jpg","width":700,"height":700,"caption":"Las Islas Reisen GmbH"},"image":{"@id":"https:\/\/www.las-islas-reisen.de\/magazin\/#\/schema\/logo\/image\/"}},{"@type":"Person","@id":"https:\/\/www.las-islas-reisen.de\/magazin\/#\/schema\/person\/3518c9096bde8c3b0c3c5175ddda68f1","name":"Las Islas Reisen"}]}},"modified_by":"Las Islas Reisen","_links":{"self":[{"href":"https:\/\/www.las-islas-reisen.de\/magazin\/wp-json\/wp\/v2\/posts\/1498","targetHints":{"allow":["GET"]}}],"collection":[{"href":"https:\/\/www.las-islas-reisen.de\/magazin\/wp-json\/wp\/v2\/posts"}],"about":[{"href":"https:\/\/www.las-islas-reisen.de\/magazin\/wp-json\/wp\/v2\/types\/post"}],"author":[{"embeddable":true,"href":"https:\/\/www.las-islas-reisen.de\/magazin\/wp-json\/wp\/v2\/users\/1"}],"replies":[{"embeddable":true,"href":"https:\/\/www.las-islas-reisen.de\/magazin\/wp-json\/wp\/v2\/comments?post=1498"}],"version-history":[{"count":1,"href":"https:\/\/www.las-islas-reisen.de\/magazin\/wp-json\/wp\/v2\/posts\/1498\/revisions"}],"predecessor-version":[{"id":3241,"href":"https:\/\/www.las-islas-reisen.de\/magazin\/wp-json\/wp\/v2\/posts\/1498\/revisions\/3241"}],"wp:featuredmedia":[{"embeddable":true,"href":"https:\/\/www.las-islas-reisen.de\/magazin\/wp-json\/wp\/v2\/media\/1517"}],"wp:attachment":[{"href":"https:\/\/www.las-islas-reisen.de\/magazin\/wp-json\/wp\/v2\/media?parent=1498"}],"wp:term":[{"taxonomy":"category","embeddable":true,"href":"https:\/\/www.las-islas-reisen.de\/magazin\/wp-json\/wp\/v2\/categories?post=1498"},{"taxonomy":"post_tag","embeddable":true,"href":"https:\/\/www.las-islas-reisen.de\/magazin\/wp-json\/wp\/v2\/tags?post=1498"}],"curies":[{"name":"wp","href":"https:\/\/api.w.org\/{rel}","templated":true}]}}