{"id":1560,"date":"2015-12-07T16:35:10","date_gmt":"2015-12-07T15:35:10","guid":{"rendered":"http:\/\/www.las-islas-reisen.de\/magazin\/?p=1560"},"modified":"2026-03-12T09:11:39","modified_gmt":"2026-03-12T08:11:39","slug":"weihnachten-auf-mallorca","status":"publish","type":"post","link":"https:\/\/www.las-islas-reisen.de\/magazin\/weihnachten-auf-mallorca\/","title":{"rendered":"So wird Weihnachten auf Mallorca gefeiert"},"content":{"rendered":"\n<p><strong>Mallorca bringen die meisten mit Sonne, Strandbar, mediterraner Lebenskunst und dem t\u00fcrkisblauen Mittelmeer in Verbindung. Aber mit Weihnachten?<\/strong> <\/p>\n\n\n\n<p>Dieses Fest erscheint als eine ureigene deutsche Angelegenheit, mit Tannenbaum, Weihnachtsliedern und der vagen Aussicht auf Schnee. In Wirklichkeit feiern die Mallorquiner ebenso innig und leidenschaftlich Weihnachten wie andere V\u00f6lker. Ihre Br\u00e4uche weichen ein wenig von den deutschen ab. Dennoch ist die mallorquinische Weihnachts- und Vorweihnachtszeit stimmungsvoll und erlebenswert. Und wo sonst k\u00f6nnen Sie von Ihren Weihnachtseink\u00e4ufen so sch\u00f6n in der milden Sonne ausruhen?<\/p>\n\n\n\n<!--more-->\n\n\n\n<figure class=\"wp-block-image alignnone wp-image-1578 size-full\"><img decoding=\"async\" width=\"670\" height=\"447\" src=\"https:\/\/www.las-islas-reisen.de\/magazin\/wp-content\/uploads\/2015\/12\/essen.jpg\" alt=\"mallorquinische K\u00fcche\" class=\"wp-image-1578\" srcset=\"https:\/\/www.las-islas-reisen.de\/magazin\/wp-content\/uploads\/2015\/12\/essen.jpg 670w, https:\/\/www.las-islas-reisen.de\/magazin\/wp-content\/uploads\/2015\/12\/essen-300x200.jpg 300w\" sizes=\"(max-width: 670px) 100vw, 670px\" \/><figcaption class=\"wp-element-caption\">Speisen (Foto \u00a9 MIGUEL GARCIA SAAVED \u2013 Fotolia.com)<\/figcaption><\/figure>\n\n\n\n<h3 class=\"wp-block-heading\">Weihnachten geht durch den Magen<\/h3>\n\n\n\n<p>Die Mallorquiner verstehen zu leben. In der Weihnachts- und Vorweihnachtszeit geht der Alltag auf der gr\u00f6\u00dften Baleareninsel ruhiger dahin. Jetzt k\u00f6nnen sich die Mallorquiner auf sich selbst besinnen, und das bedeutet im Fall der lebensfrohen Inselbewohner: auf das, was Leib und Seele zusammenh\u00e4lt. <strong>Die mallorquinische K\u00fcche<\/strong> greift zu frischesten Zutaten und ist ungef\u00e4hr so weit von dem entfernt, was heute unter leichter Mittelmeerdi\u00e4t firmiert, wie die Wei\u00dfwurst vom Tofuschnitzel. Das Kochen, Backen und Schlemmen der Vorweihnachtszeit gipfelt in den Weihnachts-Festessen. Typische Weihnachtsleckereien sind:<\/p>\n\n\n\n<ul class=\"wp-block-list\">\n<li>Sobrasada (s\u00fc\u00dflich-aromatische Streichwurst)<\/li>\n\n\n\n<li>Spanferkel, gef\u00fcllt mit Sobrasada<\/li>\n\n\n\n<li>Truthahn (zum Heiligabend)<\/li>\n\n\n\n<li><a href=\"https:\/\/www.las-islas-reisen.de\/magazin\/ensaimada-rezept\/\">Ensaimada<\/a> (Schmalzgeb\u00e4ck) mit hei\u00dfer Schokolade<\/li>\n\n\n\n<li>Turr\u00f3n (Wei\u00dfer Nougat)<\/li>\n<\/ul>\n\n\n\n<h3 class=\"wp-block-heading\">Weihnachtsm\u00e4rkte und Weihnachtsbeleuchtung<\/h3>\n\n\n\n<figure class=\"wp-block-image\"><img decoding=\"async\" width=\"670\" height=\"447\" src=\"https:\/\/www.las-islas-reisen.de\/magazin\/wp-content\/uploads\/2015\/09\/weihnachten-deko.jpg\" alt=\"Mallorca zu Weihnachten\" class=\"wp-image-385\" srcset=\"https:\/\/www.las-islas-reisen.de\/magazin\/wp-content\/uploads\/2015\/09\/weihnachten-deko.jpg 670w, https:\/\/www.las-islas-reisen.de\/magazin\/wp-content\/uploads\/2015\/09\/weihnachten-deko-300x200.jpg 300w\" sizes=\"(max-width: 670px) 100vw, 670px\" \/><\/figure>\n\n\n\n<p>Auch auf Mallorca herrscht Winterdunkelheit. Aber nur bis Ende November. In der Monatsmitte werden die Llums de Nadal, die Weihnachtslichter, in Palmas wundersch\u00f6ner Altstadt installiert. Illuminationsbeginn der etwa 100.000 L\u00e4mpchen ist die Zeit kurz vor Advent. Bis zum Dreik\u00f6nigstag ist die Stadt in ein stimmungsvolles Lichtermeer getaucht.<\/p>\n\n\n\n<p><strong>Weihnachtsm\u00e4rkte<\/strong> sind auf der ganzen Insel zu finden. Allein in Palma sind es ihrer drei: auf der Rambla, Placa d&#8217;Espanya, Placa Major. Sie \u00f6ffnen Anfang Dezember und d\u00fcrfen bis zum Dreik\u00f6nigstag besucht werden. Die Mallorquiner und ihre G\u00e4ste bummeln zwischen den liebevoll geschm\u00fcckten Holzbuden umher und genie\u00dfen die Stimmung der Glitzersterne, Leuchtkugeln und anderen aufw\u00e4ndigen Illuminationen. Viel Kunsthandwerk wird an den St\u00e4nden der Weihnachtsm\u00e4rkte geboten: T\u00f6pferwaren, Krippenfiguren, handgeschnitztes Kinderspielzeug, Glasbl\u00e4serarbeiten &#8211; Mallorca ist eine Insel der Kreativen. In den letzten Jahren hat der Weihnachtsbaum Einzug gehalten. Hauptweihnachtsschmuck der Mallorquiner aber ist die Weihnachtskrippe. Die filigran ausgearbeiteten Figurengruppen stehen nicht nur in jedem mallorquinischen Wohnzimmer, sondern auch in Gesch\u00e4ften, Kirchen und auf \u00f6ffentlichen Pl\u00e4tzen. Manche dieser Krippen sind so alt und historisch wertvoll, dass <strong>spezielle F\u00fchrungen<\/strong> zu ihrer Entstehung und Geschichte angeboten werden.<\/p>\n\n\n\n<ul class=\"wp-block-list\">\n<li>Llums de Nadal (Palmas Weihnachtsbeleuchtung ab Ende November)<\/li>\n\n\n\n<li>Weihnachtsm\u00e4rkte (in Palma ab Anfang Dezember &#8211; Rambla, Placa d&#8217;Espanyol, Placa Major; auch an anderen Orten der Insel)<\/li>\n\n\n\n<li>Weihnachtskrippen (mit Krippen-F\u00fchrungen)<\/li>\n<\/ul>\n\n\n\n<p><br><img decoding=\"async\" width=\"670\" height=\"447\" class=\"alignnone size-full wp-image-1575\" src=\"https:\/\/www.las-islas-reisen.de\/magazin\/wp-content\/uploads\/2015\/12\/weihnachten-auf-mallorca.jpg\" alt=\"Weihnachten\" srcset=\"https:\/\/www.las-islas-reisen.de\/magazin\/wp-content\/uploads\/2015\/12\/weihnachten-auf-mallorca.jpg 670w, https:\/\/www.las-islas-reisen.de\/magazin\/wp-content\/uploads\/2015\/12\/weihnachten-auf-mallorca-300x200.jpg 300w\" sizes=\"(max-width: 670px) 100vw, 670px\" \/><\/p>\n\n\n\n<h3 class=\"wp-block-heading\">Die mallorquinischen Weihnachtsbr\u00e4uche<\/h3>\n\n\n\n<p>Weihnachtseink\u00e4ufe geh\u00f6ren auch auf Mallorca, speziell in der Hauptstadt Palma, zu der zeitgem\u00e4\u00dfen Vorbereitung des Weihnachtsfestes. Palma mit seinen 400.000 Einwohnern ist die reichste Stadt Spaniens. Dementsprechend gro\u00df sind Angebot und Kaufkraft. Und welche besonderen Traditionen unterscheiden die mallorquinische von der deutschen Weihnacht?<\/p>\n\n\n\n<p>Weihnachten dauert auf Mallorca l\u00e4nger: n\u00e4mlich vom Heiligabend bis zum Dreik\u00f6nigstag. Am 24.12. versammelt sich wie bei uns die ganze Familie zu einem festlichen Essen. Traditionell gibt es Truthahn und Ensaimada mit hei\u00dfer Schokolade. Aber es gibt noch keine Geschenke. Der gemeinsame Besuch der Mitternachtsmesse Misa del Gallo ist Pflicht. Hier wird der mittelalterliche Kirchengesang der Sibilla von einem einzelnen M\u00e4dchen vorgetragen. Am ersten Weihnachtstag schlemmen die Familienangeh\u00f6rigen dann richtig: Jetzt kommt das Sobrasada-gef\u00fcllte Spanferkel auf den Tisch und der wei\u00dfe Nougat. Man vertreibt sich die Zeit mit Kranzkuchen, in den eine M\u00fcnze versteckt wird, mit Carbon (Kohle), einem schwarz eingef\u00e4rbten Zucker und mit dem Dia de los Inocentes (28. 12.), einer Art mallorquinischem 1. April. Denn erst am Abend des 5. Januars erreichen die Heiligen Drei K\u00f6nige in einer umjubelten Parade die Stadt und bringen jene Geschenke mit sich, die am 6. Januar endlich ausgepackt werden d\u00fcrfen. So sch\u00f6n und lang kann Weihnachten sein.<\/p>\n\n\n\n<ul class=\"wp-block-list\">\n<li>24.12.: Truthahnessen im Familienkreis, Besuch der Mitternachtsmesse mit dem Gesang der Sibilla<\/li>\n\n\n\n<li>25.12.: Spanferkel mit Sobrasada<\/li>\n\n\n\n<li>28.12.: Dia de los Inocentes (mallorquinischer 1. April)<\/li>\n\n\n\n<li>05.1.: Die Heiligen Drei K\u00f6nige ziehen mit Geschenken ein<\/li>\n\n\n\n<li>06.1.: Dreik\u00f6nigstag, Geschenke auspacken<\/li>\n<\/ul>\n\n\n\n<p><br>Artikelbild: \u00a9 timonko \u2013 Fotolia.com<\/p>\n","protected":false},"excerpt":{"rendered":"<p>Mallorca bringen die meisten mit Sonne, Strandbar, mediterraner Lebenskunst und dem t\u00fcrkisblauen Mittelmeer in Verbindung. Aber mit Weihnachten? Dieses Fest erscheint als eine ureigene deutsche Angelegenheit, mit Tannenbaum, Weihnachtsliedern und der vagen Aussicht auf Schnee. In Wirklichkeit feiern die Mallorquiner ebenso innig und leidenschaftlich Weihnachten wie andere V\u00f6lker. Ihre Br\u00e4uche weichen ein wenig von den&#8230;<\/p>\n","protected":false},"author":1,"featured_media":1569,"comment_status":"open","ping_status":"open","sticky":false,"template":"","format":"standard","meta":{"_lmt_disableupdate":"","_lmt_disable":"","_kad_post_transparent":"","_kad_post_title":"","_kad_post_layout":"","_kad_post_sidebar_id":"","_kad_post_content_style":"","_kad_post_vertical_padding":"","_kad_post_feature":"","_kad_post_feature_position":"","_kad_post_header":false,"_kad_post_footer":false,"_kad_post_classname":"","footnotes":""},"categories":[21],"tags":[],"class_list":["post-1560","post","type-post","status-publish","format-standard","has-post-thumbnail","hentry","category-gut-zu-wissen"],"yoast_head":"<!-- This site is optimized with the Yoast SEO plugin v27.2 - https:\/\/yoast.com\/product\/yoast-seo-wordpress\/ -->\n<title>\u1405 So wird Weihnachten auf Mallorca gefeiert<\/title>\n<meta name=\"description\" content=\"Mallorca bringen die meisten mit Sonne, Strandbar, mediterraner Lebenskunst und dem t\u00fcrkisblauen Mittelmeer in Verbindung. Aber mit Weihnachten? Dieses\" \/>\n<meta name=\"robots\" content=\"index, follow, max-snippet:-1, max-image-preview:large, max-video-preview:-1\" \/>\n<link rel=\"canonical\" href=\"https:\/\/www.las-islas-reisen.de\/magazin\/weihnachten-auf-mallorca\/\" \/>\n<meta name=\"twitter:label1\" content=\"Verfasst von\" \/>\n\t<meta name=\"twitter:data1\" content=\"Las Islas Reisen\" \/>\n\t<meta name=\"twitter:label2\" content=\"Gesch\u00e4tzte Lesezeit\" \/>\n\t<meta name=\"twitter:data2\" content=\"5\u00a0Minuten\" \/>\n<script type=\"application\/ld+json\" class=\"yoast-schema-graph\">{\"@context\":\"https:\/\/schema.org\",\"@graph\":[{\"@type\":\"Article\",\"@id\":\"https:\/\/www.las-islas-reisen.de\/magazin\/weihnachten-auf-mallorca\/#article\",\"isPartOf\":{\"@id\":\"https:\/\/www.las-islas-reisen.de\/magazin\/weihnachten-auf-mallorca\/\"},\"author\":{\"name\":\"Las Islas Reisen\",\"@id\":\"https:\/\/www.las-islas-reisen.de\/magazin\/#\/schema\/person\/3518c9096bde8c3b0c3c5175ddda68f1\"},\"headline\":\"So wird Weihnachten auf Mallorca gefeiert\",\"datePublished\":\"2015-12-07T15:35:10+00:00\",\"dateModified\":\"2026-03-12T08:11:39+00:00\",\"mainEntityOfPage\":{\"@id\":\"https:\/\/www.las-islas-reisen.de\/magazin\/weihnachten-auf-mallorca\/\"},\"wordCount\":698,\"commentCount\":0,\"publisher\":{\"@id\":\"https:\/\/www.las-islas-reisen.de\/magazin\/#organization\"},\"image\":{\"@id\":\"https:\/\/www.las-islas-reisen.de\/magazin\/weihnachten-auf-mallorca\/#primaryimage\"},\"thumbnailUrl\":\"https:\/\/www.las-islas-reisen.de\/magazin\/wp-content\/uploads\/2015\/12\/weihnachten-palmen.jpg\",\"articleSection\":[\"Gut zu wissen\"],\"inLanguage\":\"de\",\"potentialAction\":[{\"@type\":\"CommentAction\",\"name\":\"Comment\",\"target\":[\"https:\/\/www.las-islas-reisen.de\/magazin\/weihnachten-auf-mallorca\/#respond\"]}]},{\"@type\":\"WebPage\",\"@id\":\"https:\/\/www.las-islas-reisen.de\/magazin\/weihnachten-auf-mallorca\/\",\"url\":\"https:\/\/www.las-islas-reisen.de\/magazin\/weihnachten-auf-mallorca\/\",\"name\":\"\u1405 So wird Weihnachten auf Mallorca gefeiert\",\"isPartOf\":{\"@id\":\"https:\/\/www.las-islas-reisen.de\/magazin\/#website\"},\"primaryImageOfPage\":{\"@id\":\"https:\/\/www.las-islas-reisen.de\/magazin\/weihnachten-auf-mallorca\/#primaryimage\"},\"image\":{\"@id\":\"https:\/\/www.las-islas-reisen.de\/magazin\/weihnachten-auf-mallorca\/#primaryimage\"},\"thumbnailUrl\":\"https:\/\/www.las-islas-reisen.de\/magazin\/wp-content\/uploads\/2015\/12\/weihnachten-palmen.jpg\",\"datePublished\":\"2015-12-07T15:35:10+00:00\",\"dateModified\":\"2026-03-12T08:11:39+00:00\",\"description\":\"Mallorca bringen die meisten mit Sonne, Strandbar, mediterraner Lebenskunst und dem t\u00fcrkisblauen Mittelmeer in Verbindung. Aber mit Weihnachten? Dieses\",\"breadcrumb\":{\"@id\":\"https:\/\/www.las-islas-reisen.de\/magazin\/weihnachten-auf-mallorca\/#breadcrumb\"},\"inLanguage\":\"de\",\"potentialAction\":[{\"@type\":\"ReadAction\",\"target\":[\"https:\/\/www.las-islas-reisen.de\/magazin\/weihnachten-auf-mallorca\/\"]}]},{\"@type\":\"ImageObject\",\"inLanguage\":\"de\",\"@id\":\"https:\/\/www.las-islas-reisen.de\/magazin\/weihnachten-auf-mallorca\/#primaryimage\",\"url\":\"https:\/\/www.las-islas-reisen.de\/magazin\/wp-content\/uploads\/2015\/12\/weihnachten-palmen.jpg\",\"contentUrl\":\"https:\/\/www.las-islas-reisen.de\/magazin\/wp-content\/uploads\/2015\/12\/weihnachten-palmen.jpg\",\"width\":670,\"height\":446,\"caption\":\"Weihnachtsdekoration\"},{\"@type\":\"BreadcrumbList\",\"@id\":\"https:\/\/www.las-islas-reisen.de\/magazin\/weihnachten-auf-mallorca\/#breadcrumb\",\"itemListElement\":[{\"@type\":\"ListItem\",\"position\":1,\"name\":\"Home\",\"item\":\"https:\/\/www.las-islas-reisen.de\/magazin\/\"},{\"@type\":\"ListItem\",\"position\":2,\"name\":\"So wird Weihnachten auf Mallorca gefeiert\"}]},{\"@type\":\"WebSite\",\"@id\":\"https:\/\/www.las-islas-reisen.de\/magazin\/#website\",\"url\":\"https:\/\/www.las-islas-reisen.de\/magazin\/\",\"name\":\"\",\"description\":\"\",\"publisher\":{\"@id\":\"https:\/\/www.las-islas-reisen.de\/magazin\/#organization\"},\"potentialAction\":[{\"@type\":\"SearchAction\",\"target\":{\"@type\":\"EntryPoint\",\"urlTemplate\":\"https:\/\/www.las-islas-reisen.de\/magazin\/?s={search_term_string}\"},\"query-input\":{\"@type\":\"PropertyValueSpecification\",\"valueRequired\":true,\"valueName\":\"search_term_string\"}}],\"inLanguage\":\"de\"},{\"@type\":\"Organization\",\"@id\":\"https:\/\/www.las-islas-reisen.de\/magazin\/#organization\",\"name\":\"Las Islas Reisen GmbH\",\"url\":\"https:\/\/www.las-islas-reisen.de\/magazin\/\",\"logo\":{\"@type\":\"ImageObject\",\"inLanguage\":\"de\",\"@id\":\"https:\/\/www.las-islas-reisen.de\/magazin\/#\/schema\/logo\/image\/\",\"url\":\"https:\/\/www.las-islas-reisen.de\/magazin\/wp-content\/uploads\/2015\/06\/logo6.jpg\",\"contentUrl\":\"https:\/\/www.las-islas-reisen.de\/magazin\/wp-content\/uploads\/2015\/06\/logo6.jpg\",\"width\":700,\"height\":700,\"caption\":\"Las Islas Reisen GmbH\"},\"image\":{\"@id\":\"https:\/\/www.las-islas-reisen.de\/magazin\/#\/schema\/logo\/image\/\"}},{\"@type\":\"Person\",\"@id\":\"https:\/\/www.las-islas-reisen.de\/magazin\/#\/schema\/person\/3518c9096bde8c3b0c3c5175ddda68f1\",\"name\":\"Las Islas Reisen\"}]}<\/script>\n<!-- \/ Yoast SEO plugin. -->","yoast_head_json":{"title":"\u1405 So wird Weihnachten auf Mallorca gefeiert","description":"Mallorca bringen die meisten mit Sonne, Strandbar, mediterraner Lebenskunst und dem t\u00fcrkisblauen Mittelmeer in Verbindung. Aber mit Weihnachten? Dieses","robots":{"index":"index","follow":"follow","max-snippet":"max-snippet:-1","max-image-preview":"max-image-preview:large","max-video-preview":"max-video-preview:-1"},"canonical":"https:\/\/www.las-islas-reisen.de\/magazin\/weihnachten-auf-mallorca\/","twitter_misc":{"Verfasst von":"Las Islas Reisen","Gesch\u00e4tzte Lesezeit":"5\u00a0Minuten"},"schema":{"@context":"https:\/\/schema.org","@graph":[{"@type":"Article","@id":"https:\/\/www.las-islas-reisen.de\/magazin\/weihnachten-auf-mallorca\/#article","isPartOf":{"@id":"https:\/\/www.las-islas-reisen.de\/magazin\/weihnachten-auf-mallorca\/"},"author":{"name":"Las Islas Reisen","@id":"https:\/\/www.las-islas-reisen.de\/magazin\/#\/schema\/person\/3518c9096bde8c3b0c3c5175ddda68f1"},"headline":"So wird Weihnachten auf Mallorca gefeiert","datePublished":"2015-12-07T15:35:10+00:00","dateModified":"2026-03-12T08:11:39+00:00","mainEntityOfPage":{"@id":"https:\/\/www.las-islas-reisen.de\/magazin\/weihnachten-auf-mallorca\/"},"wordCount":698,"commentCount":0,"publisher":{"@id":"https:\/\/www.las-islas-reisen.de\/magazin\/#organization"},"image":{"@id":"https:\/\/www.las-islas-reisen.de\/magazin\/weihnachten-auf-mallorca\/#primaryimage"},"thumbnailUrl":"https:\/\/www.las-islas-reisen.de\/magazin\/wp-content\/uploads\/2015\/12\/weihnachten-palmen.jpg","articleSection":["Gut zu wissen"],"inLanguage":"de","potentialAction":[{"@type":"CommentAction","name":"Comment","target":["https:\/\/www.las-islas-reisen.de\/magazin\/weihnachten-auf-mallorca\/#respond"]}]},{"@type":"WebPage","@id":"https:\/\/www.las-islas-reisen.de\/magazin\/weihnachten-auf-mallorca\/","url":"https:\/\/www.las-islas-reisen.de\/magazin\/weihnachten-auf-mallorca\/","name":"\u1405 So wird Weihnachten auf Mallorca gefeiert","isPartOf":{"@id":"https:\/\/www.las-islas-reisen.de\/magazin\/#website"},"primaryImageOfPage":{"@id":"https:\/\/www.las-islas-reisen.de\/magazin\/weihnachten-auf-mallorca\/#primaryimage"},"image":{"@id":"https:\/\/www.las-islas-reisen.de\/magazin\/weihnachten-auf-mallorca\/#primaryimage"},"thumbnailUrl":"https:\/\/www.las-islas-reisen.de\/magazin\/wp-content\/uploads\/2015\/12\/weihnachten-palmen.jpg","datePublished":"2015-12-07T15:35:10+00:00","dateModified":"2026-03-12T08:11:39+00:00","description":"Mallorca bringen die meisten mit Sonne, Strandbar, mediterraner Lebenskunst und dem t\u00fcrkisblauen Mittelmeer in Verbindung. Aber mit Weihnachten? Dieses","breadcrumb":{"@id":"https:\/\/www.las-islas-reisen.de\/magazin\/weihnachten-auf-mallorca\/#breadcrumb"},"inLanguage":"de","potentialAction":[{"@type":"ReadAction","target":["https:\/\/www.las-islas-reisen.de\/magazin\/weihnachten-auf-mallorca\/"]}]},{"@type":"ImageObject","inLanguage":"de","@id":"https:\/\/www.las-islas-reisen.de\/magazin\/weihnachten-auf-mallorca\/#primaryimage","url":"https:\/\/www.las-islas-reisen.de\/magazin\/wp-content\/uploads\/2015\/12\/weihnachten-palmen.jpg","contentUrl":"https:\/\/www.las-islas-reisen.de\/magazin\/wp-content\/uploads\/2015\/12\/weihnachten-palmen.jpg","width":670,"height":446,"caption":"Weihnachtsdekoration"},{"@type":"BreadcrumbList","@id":"https:\/\/www.las-islas-reisen.de\/magazin\/weihnachten-auf-mallorca\/#breadcrumb","itemListElement":[{"@type":"ListItem","position":1,"name":"Home","item":"https:\/\/www.las-islas-reisen.de\/magazin\/"},{"@type":"ListItem","position":2,"name":"So wird Weihnachten auf Mallorca gefeiert"}]},{"@type":"WebSite","@id":"https:\/\/www.las-islas-reisen.de\/magazin\/#website","url":"https:\/\/www.las-islas-reisen.de\/magazin\/","name":"","description":"","publisher":{"@id":"https:\/\/www.las-islas-reisen.de\/magazin\/#organization"},"potentialAction":[{"@type":"SearchAction","target":{"@type":"EntryPoint","urlTemplate":"https:\/\/www.las-islas-reisen.de\/magazin\/?s={search_term_string}"},"query-input":{"@type":"PropertyValueSpecification","valueRequired":true,"valueName":"search_term_string"}}],"inLanguage":"de"},{"@type":"Organization","@id":"https:\/\/www.las-islas-reisen.de\/magazin\/#organization","name":"Las Islas Reisen GmbH","url":"https:\/\/www.las-islas-reisen.de\/magazin\/","logo":{"@type":"ImageObject","inLanguage":"de","@id":"https:\/\/www.las-islas-reisen.de\/magazin\/#\/schema\/logo\/image\/","url":"https:\/\/www.las-islas-reisen.de\/magazin\/wp-content\/uploads\/2015\/06\/logo6.jpg","contentUrl":"https:\/\/www.las-islas-reisen.de\/magazin\/wp-content\/uploads\/2015\/06\/logo6.jpg","width":700,"height":700,"caption":"Las Islas Reisen GmbH"},"image":{"@id":"https:\/\/www.las-islas-reisen.de\/magazin\/#\/schema\/logo\/image\/"}},{"@type":"Person","@id":"https:\/\/www.las-islas-reisen.de\/magazin\/#\/schema\/person\/3518c9096bde8c3b0c3c5175ddda68f1","name":"Las Islas Reisen"}]}},"modified_by":"Las Islas Reisen","_links":{"self":[{"href":"https:\/\/www.las-islas-reisen.de\/magazin\/wp-json\/wp\/v2\/posts\/1560","targetHints":{"allow":["GET"]}}],"collection":[{"href":"https:\/\/www.las-islas-reisen.de\/magazin\/wp-json\/wp\/v2\/posts"}],"about":[{"href":"https:\/\/www.las-islas-reisen.de\/magazin\/wp-json\/wp\/v2\/types\/post"}],"author":[{"embeddable":true,"href":"https:\/\/www.las-islas-reisen.de\/magazin\/wp-json\/wp\/v2\/users\/1"}],"replies":[{"embeddable":true,"href":"https:\/\/www.las-islas-reisen.de\/magazin\/wp-json\/wp\/v2\/comments?post=1560"}],"version-history":[{"count":1,"href":"https:\/\/www.las-islas-reisen.de\/magazin\/wp-json\/wp\/v2\/posts\/1560\/revisions"}],"predecessor-version":[{"id":3242,"href":"https:\/\/www.las-islas-reisen.de\/magazin\/wp-json\/wp\/v2\/posts\/1560\/revisions\/3242"}],"wp:featuredmedia":[{"embeddable":true,"href":"https:\/\/www.las-islas-reisen.de\/magazin\/wp-json\/wp\/v2\/media\/1569"}],"wp:attachment":[{"href":"https:\/\/www.las-islas-reisen.de\/magazin\/wp-json\/wp\/v2\/media?parent=1560"}],"wp:term":[{"taxonomy":"category","embeddable":true,"href":"https:\/\/www.las-islas-reisen.de\/magazin\/wp-json\/wp\/v2\/categories?post=1560"},{"taxonomy":"post_tag","embeddable":true,"href":"https:\/\/www.las-islas-reisen.de\/magazin\/wp-json\/wp\/v2\/tags?post=1560"}],"curies":[{"name":"wp","href":"https:\/\/api.w.org\/{rel}","templated":true}]}}