{"id":1731,"date":"2016-03-01T11:21:09","date_gmt":"2016-03-01T10:21:09","guid":{"rendered":"http:\/\/www.las-islas-reisen.de\/magazin\/?p=1731"},"modified":"2026-03-12T08:54:17","modified_gmt":"2026-03-12T07:54:17","slug":"castell-d-alaro","status":"publish","type":"post","link":"https:\/\/www.las-islas-reisen.de\/magazin\/castell-d-alaro\/","title":{"rendered":"Wanderung zum Castell d&#8217;Alar\u00f3"},"content":{"rendered":"\n<p>Auf Mallorca gibt es viele unvergessliche Wanderungen zu absolvieren &#8211; eine von ihnen aber darf in keinem Reisef\u00fchrer fehlen: der Aufstieg zum Castell d&#8217;Alar\u00f3. Dieser Weg ist aus verschiedenen Gr\u00fcnden bei den Wanderfreunden ber\u00fchmt. Uralte Steinpfade f\u00fchren durch eine schroffe Berglandschaft \u00fcber einem der sch\u00f6nsten T\u00e4ler Mallorcas. Das Ziel der Wanderung, Castell d&#8217;Alar\u00f3, ist einer der geschichtstr\u00e4chtigsten Orte der Insel. Hier oben geht der <strong>Blick \u00fcber das Land, weit aufs Meer<\/strong> hinaus. Und nirgendwo schmecken Wein und Brot (und Lamm) besser als am Ende der Wanderung in der Herberge Es Verger. Bon profit! Guten Appetit!<\/p>\n\n\n\n<!--more-->\n\n\n\n<p> <div class=\"brlbs-cmpnt-container brlbs-cmpnt-content-blocker brlbs-cmpnt-with-individual-styles\" data-borlabs-cookie-content-blocker-id=\"google-maps\" data-borlabs-cookie-content=\"PGlmcmFtZSBzdHlsZT0iYm9yZGVyOiAwOyIgc3JjPSJodHRwczovL3d3dy5nb29nbGUuY29tL21hcHMvZW1iZWQ\/cGI9ITFtMTQhMW04ITFtMyExZDQ5MDkyLjkwMTM2MTAzOTA5ITJkMi43OTMyNzQxITNkMzkuNzMyNzY5MiEzbTIhMWkxMDI0ITJpNzY4ITRmMTMuMSEzbTMhMW0yITFzMHgwJTNBMHg2N2I4NDQ4Y2M0YmE3OWUxITJzQ2FzdGVsbCtkJ0FsYXIlQzMlQjMhNWUwITNtMiExc2RlITJzZGUhNHYxNDU2ODI2NTEyMzI1IiB3aWR0aD0iNjcwIiBoZWlnaHQ9IjM1MCIgZnJhbWVib3JkZXI9IjAiIGFsbG93ZnVsbHNjcmVlbj0iYWxsb3dmdWxsc2NyZWVuIj48L2lmcmFtZT4=\"><div class=\"brlbs-cmpnt-cb-preset-b brlbs-cmpnt-cb-google-maps\"> <div class=\"brlbs-cmpnt-cb-thumbnail\" style=\"background-image: url('https:\/\/www.las-islas-reisen.de\/magazin\/wp-content\/uploads\/borlabs-cookie\/1\/brlbs-cb-google-maps-main.png')\"><\/div> <div class=\"brlbs-cmpnt-cb-main\"> <div class=\"brlbs-cmpnt-cb-content\"> <p class=\"brlbs-cmpnt-cb-description\">Sie sehen gerade einen Platzhalterinhalt von <strong>Google Maps<\/strong>. Um auf den eigentlichen Inhalt zuzugreifen, klicken Sie auf die Schaltfl\u00e4che unten. Bitte beachten Sie, dass dabei Daten an Drittanbieter weitergegeben werden.<\/p> <a class=\"brlbs-cmpnt-cb-provider-toggle\" href=\"#\" data-borlabs-cookie-show-provider-information role=\"button\">Mehr Informationen<\/a> <\/div> <div class=\"brlbs-cmpnt-cb-buttons\"> <a class=\"brlbs-cmpnt-cb-btn\" href=\"#\" data-borlabs-cookie-unblock role=\"button\">Inhalt entsperren<\/a> <a class=\"brlbs-cmpnt-cb-btn\" href=\"#\" data-borlabs-cookie-accept-service role=\"button\" style=\"display: inherit\">Erforderlichen Service akzeptieren und Inhalte entsperren<\/a> <\/div> <\/div> <\/div><\/div><\/p>\n\n\n\n<h3 class=\"wp-block-heading\">Wanderung zum Castell d&#8217;Alar\u00f3 von Orient aus<\/h3>\n\n\n\n<p>Orient, das Dorf der aufgehenden Sonne, ist einer der sch\u00f6nsten <a href=\"https:\/\/www.las-islas-reisen.de\/mallorca\/insel.php\">Orte Mallorcas<\/a>. Etwa 26 Kilometer von Palma und dennoch v\u00f6llig abgeschieden gelegen, z\u00e4hlt das urw\u00fcchsige D\u00f6rflein 30 Einwohner. Es ist von Mandel- und Apfelplantagen, Schafherden und Olivenb\u00e4umen umgeben. Orient liegt in einem Hochtal auf 490 Metern und ist auf der Ma-2100 von Alar\u00f3 aus zu erreichen. F\u00fcr die Strecke von Orient zum Castell und zur\u00fcck brauchen Sie <strong>drei Stunden<\/strong> und legen insgesamt 580 H\u00f6henmeter zur\u00fcck. Der Weg ist f\u00fcr ge\u00fcbte Wanderer leicht zu bew\u00e4ltigen. Es gibt befestigte Wege sowie Wegweiser und Farbzeichen. Steineichen, Aleppokiefern und Felsmauern laden mit ihrem Schatten zum Rasten ein. Manche Wanderf\u00fchrer weisen den Orient-Aufstieg zum Castell als kindergeeignet aus &#8211; eine etwas gewagte Behauptung. Sollten Ihre Kinder kleiner sein oder \u00fcber keine Wandererfahrung verf\u00fcgen, ist von dieser mitunter recht steilen Klettertour abzuraten.<\/p>\n\n\n\n<figure class=\"wp-block-image\"><img decoding=\"async\" src=\"https:\/\/www.las-islas-reisen.de\/magazin\/wp-content\/uploads\/2016\/03\/blick-nach-alaro.jpg\" alt=\"Blick nach Alar\u00f3\"\/><\/figure>\n\n\n\n<h3 class=\"wp-block-heading\">Wanderung zum Castell d&#8217;Alar\u00f3 von Alar\u00f3 aus<\/h3>\n\n\n\n<p>Das St\u00e4dtchen Alar\u00f3 mit seinen 3500 Einwohnern ist \u00fcber die Ma-13, Ausfahrt Consell\/Binissalem, zu erreichen. Es liegt idyllisch inmitten eines fruchtbaren Tals voller Olivenhaine und Mandelplantagen. In dem milden Klima gedeihen Feigen- und Orangenb\u00e4ume und der mallorquinische Wein. Sch\u00fctzend umstanden, ist Alar\u00f3 von den \u00fcber 1000 Meter hohen Bergz\u00fcgen des Tramuntana-Gebirges. Die Alar\u00f2-Tour zum Castell ist in <strong>maximal vier Stunden<\/strong> zu bew\u00e4ltigen. Der Gesamth\u00f6henunterschied betr\u00e4gt 600 Meter. Anfangs f\u00fchrt der gut ausgeschilderte Weg anfangs an einer in der Saison recht stark befahrenen Stra\u00dfe entlang. Der gr\u00f6\u00dfte Teil der Strecke geht aber \u00fcber angelegte Fu\u00dfwege. Die Alar\u00f3-Route zum Castell bietet dem Wanderer weniger schattige Rastpl\u00e4tze und ist explizit <strong>f\u00fcr Kinder nicht geeignet<\/strong>.<\/p>\n\n\n\n<figure class=\"wp-block-image\"><img decoding=\"async\" src=\"https:\/\/www.las-islas-reisen.de\/magazin\/wp-content\/uploads\/2016\/03\/wanderweg-alaro.jpg\" alt=\"Wanderweg\"\/><\/figure>\n\n\n\n<h3 class=\"wp-block-heading\">Die Rundtour zum Castell d&#8217;Alar\u00f3<\/h3>\n\n\n\n<p>Haben Sie Ausdauer, Zeit und den Wunsch, die historisch bedeutsame Landschaft rund um das Castell d&#8217;Alar\u00f3 besonders intensiv zu erkunden? &#8211; Dann ist die ausgeschilderte Rundtour f\u00fcr Sie der Weg zum Gl\u00fcck. Sie beginnt in Alar\u00f3, dauert <strong>maximal f\u00fcnf Stunden<\/strong> und \u00fcberwindet insgesamt 750 H\u00f6henmeter. Sie wandern durchs Tal des Torrent de s&#8217;Estret, durchqueren Furten, steigen durch Bachbetten aufw\u00e4rts, erklimmen steile Treppen und streifen durch Steineichenw\u00e4lder und an dem Bergdorf Orient vorbei. Die Aussicht vom Castell ist nach dieser langen Wanderung eine besondere Belohnung.<\/p>\n\n\n\n<figure class=\"wp-block-image\"><img decoding=\"async\" src=\"https:\/\/www.las-islas-reisen.de\/magazin\/wp-content\/uploads\/2016\/03\/castell-d-alaro.jpg\" alt=\"Castell d'Alar\u00f3\"\/><\/figure>\n\n\n\n<h3 class=\"wp-block-heading\">Das Castell d&#8217;Alar\u00f3<\/h3>\n\n\n\n<p>Zur Beliebtheit der Castell d&#8217;Alar\u00f3-Touren hat viel mit dem Zielort selbst zu tun. <strong>Die Aussicht von dort oben ist \u00fcberw\u00e4ltigend<\/strong>. Sie blicken an den Gebirgsz\u00fcgen der Tramuntana entlang \u00fcber fruchtbare Ebenen bis nach Palma und zu den Schiffen auf der Cala Major. Auf den gewaltigen Mauern des Castells k\u00f6nnen Sie sich in die Eroberungsgeschichte Mallorcas einf\u00fchlen und sich unbezwingbar f\u00fchlen. Wer dieses Castell hielt, konnte nur ausgehungert werden. Acht Jahre wurden die Byzantiner hier belagert, bis sie sich im Jahr 911 den Mauren ergeben mussten. Gut 300 Jahre sp\u00e4ter eroberte Jaume I. mit der Waffe des Hungers das Castell zur\u00fcck. Die letzten Verteidiger waren zwei (!) als Heilige verehrte mallorquinische Hauptleute, die das Castell lange Monate hielten und zur Strafe f\u00fcr ihren hartn\u00e4ckigen Widerstand vom Usurpator Alfonso III. lebendig am Spie\u00df ger\u00f6stet wurden. Zwei ihrer Rippen werden als Reliquien in einer Kapelle aufbewahrt und machen das Castell zu einer wichtigen Wallfahrtsst\u00e4tte.<\/p>\n\n\n\n<figure class=\"wp-block-image\"><img decoding=\"async\" src=\"https:\/\/www.las-islas-reisen.de\/magazin\/wp-content\/uploads\/2016\/03\/alaro-landschaft-panorama.jpg\" alt=\"Panorama\"\/><\/figure>\n\n\n\n<h3 class=\"wp-block-heading\">Keine Wanderung ohne St\u00e4rkung<\/h3>\n\n\n\n<blockquote class=\"wp-block-quote is-layout-flow wp-block-quote-is-layout-flow\">\n<p>Die Sch\u00e4ferei Es Verger liegt etwa eine Stunde Fu\u00dfweg von Alar\u00f3 entfernt. Wenn Sie, beeindruckt von den Zeugnissen fr\u00fcherer wilder Zeiten, vom Castell herabgestiegen sind, findet Ihre Tour in der <strong>Finca Es Verger<\/strong> ihren w\u00fcrdigen Abschluss. Willkommen in dem gro\u00dfen schlichten Speiseraum mit seiner Feuerstelle und den roh gezimmerten Holztischen. Auch die Bedienung ist hier von einfach-l\u00e4ndlicher Art &#8211; aber was an Essen auf den Tisch kommt, hat Substanz, wie alles auf dem Land. Lassen Sie sich den wunderbaren Rotwein und Lamm mit Kartoffeln und Salat schmecken. Sie haben es sich verdient!<\/p>\n<\/blockquote>\n","protected":false},"excerpt":{"rendered":"<p>Auf Mallorca gibt es viele unvergessliche Wanderungen zu absolvieren &#8211; eine von ihnen aber darf in keinem Reisef\u00fchrer fehlen: der Aufstieg zum Castell d&#8217;Alar\u00f3. Dieser Weg ist aus verschiedenen Gr\u00fcnden bei den Wanderfreunden ber\u00fchmt. Uralte Steinpfade f\u00fchren durch eine schroffe Berglandschaft \u00fcber einem der sch\u00f6nsten T\u00e4ler Mallorcas. Das Ziel der Wanderung, Castell d&#8217;Alar\u00f3, ist einer&#8230;<\/p>\n","protected":false},"author":1,"featured_media":1748,"comment_status":"open","ping_status":"open","sticky":false,"template":"","format":"standard","meta":{"_lmt_disableupdate":"","_lmt_disable":"","_kad_post_transparent":"","_kad_post_title":"","_kad_post_layout":"","_kad_post_sidebar_id":"","_kad_post_content_style":"","_kad_post_vertical_padding":"","_kad_post_feature":"","_kad_post_feature_position":"","_kad_post_header":false,"_kad_post_footer":false,"_kad_post_classname":"","footnotes":""},"categories":[3],"tags":[],"class_list":["post-1731","post","type-post","status-publish","format-standard","has-post-thumbnail","hentry","category-ausflugsziele"],"yoast_head":"<!-- This site is optimized with the Yoast SEO plugin v27.2 - https:\/\/yoast.com\/product\/yoast-seo-wordpress\/ -->\n<title>\u1405 Wanderung zum Castell d&#039;Alar\u00f3 (Mallorca)<\/title>\n<meta name=\"description\" content=\"Auf Mallorca gibt es viele unvergessliche Wanderungen zu absolvieren - eine von ihnen aber darf in keinem Reisef\u00fchrer fehlen: der Aufstieg zum Castell\" \/>\n<meta name=\"robots\" content=\"index, follow, max-snippet:-1, max-image-preview:large, max-video-preview:-1\" \/>\n<link rel=\"canonical\" href=\"https:\/\/www.las-islas-reisen.de\/magazin\/castell-d-alaro\/\" \/>\n<meta name=\"twitter:label1\" content=\"Verfasst von\" \/>\n\t<meta name=\"twitter:data1\" content=\"Las Islas Reisen\" \/>\n\t<meta name=\"twitter:label2\" content=\"Gesch\u00e4tzte Lesezeit\" \/>\n\t<meta name=\"twitter:data2\" content=\"5\u00a0Minuten\" \/>\n<script type=\"application\/ld+json\" class=\"yoast-schema-graph\">{\"@context\":\"https:\/\/schema.org\",\"@graph\":[{\"@type\":\"Article\",\"@id\":\"https:\/\/www.las-islas-reisen.de\/magazin\/castell-d-alaro\/#article\",\"isPartOf\":{\"@id\":\"https:\/\/www.las-islas-reisen.de\/magazin\/castell-d-alaro\/\"},\"author\":{\"name\":\"Las Islas Reisen\",\"@id\":\"https:\/\/www.las-islas-reisen.de\/magazin\/#\/schema\/person\/3518c9096bde8c3b0c3c5175ddda68f1\"},\"headline\":\"Wanderung zum Castell d&#8217;Alar\u00f3\",\"datePublished\":\"2016-03-01T10:21:09+00:00\",\"dateModified\":\"2026-03-12T07:54:17+00:00\",\"mainEntityOfPage\":{\"@id\":\"https:\/\/www.las-islas-reisen.de\/magazin\/castell-d-alaro\/\"},\"wordCount\":751,\"commentCount\":0,\"publisher\":{\"@id\":\"https:\/\/www.las-islas-reisen.de\/magazin\/#organization\"},\"image\":{\"@id\":\"https:\/\/www.las-islas-reisen.de\/magazin\/castell-d-alaro\/#primaryimage\"},\"thumbnailUrl\":\"https:\/\/www.las-islas-reisen.de\/magazin\/wp-content\/uploads\/2016\/03\/wanderung-castell-d-alaro.jpg\",\"articleSection\":[\"Ausflugsziele\"],\"inLanguage\":\"de\",\"potentialAction\":[{\"@type\":\"CommentAction\",\"name\":\"Comment\",\"target\":[\"https:\/\/www.las-islas-reisen.de\/magazin\/castell-d-alaro\/#respond\"]}]},{\"@type\":\"WebPage\",\"@id\":\"https:\/\/www.las-islas-reisen.de\/magazin\/castell-d-alaro\/\",\"url\":\"https:\/\/www.las-islas-reisen.de\/magazin\/castell-d-alaro\/\",\"name\":\"\u1405 Wanderung zum Castell d'Alar\u00f3 (Mallorca)\",\"isPartOf\":{\"@id\":\"https:\/\/www.las-islas-reisen.de\/magazin\/#website\"},\"primaryImageOfPage\":{\"@id\":\"https:\/\/www.las-islas-reisen.de\/magazin\/castell-d-alaro\/#primaryimage\"},\"image\":{\"@id\":\"https:\/\/www.las-islas-reisen.de\/magazin\/castell-d-alaro\/#primaryimage\"},\"thumbnailUrl\":\"https:\/\/www.las-islas-reisen.de\/magazin\/wp-content\/uploads\/2016\/03\/wanderung-castell-d-alaro.jpg\",\"datePublished\":\"2016-03-01T10:21:09+00:00\",\"dateModified\":\"2026-03-12T07:54:17+00:00\",\"description\":\"Auf Mallorca gibt es viele unvergessliche Wanderungen zu absolvieren - eine von ihnen aber darf in keinem Reisef\u00fchrer fehlen: der Aufstieg zum Castell\",\"breadcrumb\":{\"@id\":\"https:\/\/www.las-islas-reisen.de\/magazin\/castell-d-alaro\/#breadcrumb\"},\"inLanguage\":\"de\",\"potentialAction\":[{\"@type\":\"ReadAction\",\"target\":[\"https:\/\/www.las-islas-reisen.de\/magazin\/castell-d-alaro\/\"]}]},{\"@type\":\"ImageObject\",\"inLanguage\":\"de\",\"@id\":\"https:\/\/www.las-islas-reisen.de\/magazin\/castell-d-alaro\/#primaryimage\",\"url\":\"https:\/\/www.las-islas-reisen.de\/magazin\/wp-content\/uploads\/2016\/03\/wanderung-castell-d-alaro.jpg\",\"contentUrl\":\"https:\/\/www.las-islas-reisen.de\/magazin\/wp-content\/uploads\/2016\/03\/wanderung-castell-d-alaro.jpg\",\"width\":670,\"height\":447},{\"@type\":\"BreadcrumbList\",\"@id\":\"https:\/\/www.las-islas-reisen.de\/magazin\/castell-d-alaro\/#breadcrumb\",\"itemListElement\":[{\"@type\":\"ListItem\",\"position\":1,\"name\":\"Home\",\"item\":\"https:\/\/www.las-islas-reisen.de\/magazin\/\"},{\"@type\":\"ListItem\",\"position\":2,\"name\":\"Wanderung zum Castell d&#8217;Alar\u00f3\"}]},{\"@type\":\"WebSite\",\"@id\":\"https:\/\/www.las-islas-reisen.de\/magazin\/#website\",\"url\":\"https:\/\/www.las-islas-reisen.de\/magazin\/\",\"name\":\"\",\"description\":\"\",\"publisher\":{\"@id\":\"https:\/\/www.las-islas-reisen.de\/magazin\/#organization\"},\"potentialAction\":[{\"@type\":\"SearchAction\",\"target\":{\"@type\":\"EntryPoint\",\"urlTemplate\":\"https:\/\/www.las-islas-reisen.de\/magazin\/?s={search_term_string}\"},\"query-input\":{\"@type\":\"PropertyValueSpecification\",\"valueRequired\":true,\"valueName\":\"search_term_string\"}}],\"inLanguage\":\"de\"},{\"@type\":\"Organization\",\"@id\":\"https:\/\/www.las-islas-reisen.de\/magazin\/#organization\",\"name\":\"Las Islas Reisen GmbH\",\"url\":\"https:\/\/www.las-islas-reisen.de\/magazin\/\",\"logo\":{\"@type\":\"ImageObject\",\"inLanguage\":\"de\",\"@id\":\"https:\/\/www.las-islas-reisen.de\/magazin\/#\/schema\/logo\/image\/\",\"url\":\"https:\/\/www.las-islas-reisen.de\/magazin\/wp-content\/uploads\/2015\/06\/logo6.jpg\",\"contentUrl\":\"https:\/\/www.las-islas-reisen.de\/magazin\/wp-content\/uploads\/2015\/06\/logo6.jpg\",\"width\":700,\"height\":700,\"caption\":\"Las Islas Reisen GmbH\"},\"image\":{\"@id\":\"https:\/\/www.las-islas-reisen.de\/magazin\/#\/schema\/logo\/image\/\"}},{\"@type\":\"Person\",\"@id\":\"https:\/\/www.las-islas-reisen.de\/magazin\/#\/schema\/person\/3518c9096bde8c3b0c3c5175ddda68f1\",\"name\":\"Las Islas Reisen\"}]}<\/script>\n<!-- \/ Yoast SEO plugin. -->","yoast_head_json":{"title":"\u1405 Wanderung zum Castell d'Alar\u00f3 (Mallorca)","description":"Auf Mallorca gibt es viele unvergessliche Wanderungen zu absolvieren - eine von ihnen aber darf in keinem Reisef\u00fchrer fehlen: der Aufstieg zum Castell","robots":{"index":"index","follow":"follow","max-snippet":"max-snippet:-1","max-image-preview":"max-image-preview:large","max-video-preview":"max-video-preview:-1"},"canonical":"https:\/\/www.las-islas-reisen.de\/magazin\/castell-d-alaro\/","twitter_misc":{"Verfasst von":"Las Islas Reisen","Gesch\u00e4tzte Lesezeit":"5\u00a0Minuten"},"schema":{"@context":"https:\/\/schema.org","@graph":[{"@type":"Article","@id":"https:\/\/www.las-islas-reisen.de\/magazin\/castell-d-alaro\/#article","isPartOf":{"@id":"https:\/\/www.las-islas-reisen.de\/magazin\/castell-d-alaro\/"},"author":{"name":"Las Islas Reisen","@id":"https:\/\/www.las-islas-reisen.de\/magazin\/#\/schema\/person\/3518c9096bde8c3b0c3c5175ddda68f1"},"headline":"Wanderung zum Castell d&#8217;Alar\u00f3","datePublished":"2016-03-01T10:21:09+00:00","dateModified":"2026-03-12T07:54:17+00:00","mainEntityOfPage":{"@id":"https:\/\/www.las-islas-reisen.de\/magazin\/castell-d-alaro\/"},"wordCount":751,"commentCount":0,"publisher":{"@id":"https:\/\/www.las-islas-reisen.de\/magazin\/#organization"},"image":{"@id":"https:\/\/www.las-islas-reisen.de\/magazin\/castell-d-alaro\/#primaryimage"},"thumbnailUrl":"https:\/\/www.las-islas-reisen.de\/magazin\/wp-content\/uploads\/2016\/03\/wanderung-castell-d-alaro.jpg","articleSection":["Ausflugsziele"],"inLanguage":"de","potentialAction":[{"@type":"CommentAction","name":"Comment","target":["https:\/\/www.las-islas-reisen.de\/magazin\/castell-d-alaro\/#respond"]}]},{"@type":"WebPage","@id":"https:\/\/www.las-islas-reisen.de\/magazin\/castell-d-alaro\/","url":"https:\/\/www.las-islas-reisen.de\/magazin\/castell-d-alaro\/","name":"\u1405 Wanderung zum Castell d'Alar\u00f3 (Mallorca)","isPartOf":{"@id":"https:\/\/www.las-islas-reisen.de\/magazin\/#website"},"primaryImageOfPage":{"@id":"https:\/\/www.las-islas-reisen.de\/magazin\/castell-d-alaro\/#primaryimage"},"image":{"@id":"https:\/\/www.las-islas-reisen.de\/magazin\/castell-d-alaro\/#primaryimage"},"thumbnailUrl":"https:\/\/www.las-islas-reisen.de\/magazin\/wp-content\/uploads\/2016\/03\/wanderung-castell-d-alaro.jpg","datePublished":"2016-03-01T10:21:09+00:00","dateModified":"2026-03-12T07:54:17+00:00","description":"Auf Mallorca gibt es viele unvergessliche Wanderungen zu absolvieren - eine von ihnen aber darf in keinem Reisef\u00fchrer fehlen: der Aufstieg zum Castell","breadcrumb":{"@id":"https:\/\/www.las-islas-reisen.de\/magazin\/castell-d-alaro\/#breadcrumb"},"inLanguage":"de","potentialAction":[{"@type":"ReadAction","target":["https:\/\/www.las-islas-reisen.de\/magazin\/castell-d-alaro\/"]}]},{"@type":"ImageObject","inLanguage":"de","@id":"https:\/\/www.las-islas-reisen.de\/magazin\/castell-d-alaro\/#primaryimage","url":"https:\/\/www.las-islas-reisen.de\/magazin\/wp-content\/uploads\/2016\/03\/wanderung-castell-d-alaro.jpg","contentUrl":"https:\/\/www.las-islas-reisen.de\/magazin\/wp-content\/uploads\/2016\/03\/wanderung-castell-d-alaro.jpg","width":670,"height":447},{"@type":"BreadcrumbList","@id":"https:\/\/www.las-islas-reisen.de\/magazin\/castell-d-alaro\/#breadcrumb","itemListElement":[{"@type":"ListItem","position":1,"name":"Home","item":"https:\/\/www.las-islas-reisen.de\/magazin\/"},{"@type":"ListItem","position":2,"name":"Wanderung zum Castell d&#8217;Alar\u00f3"}]},{"@type":"WebSite","@id":"https:\/\/www.las-islas-reisen.de\/magazin\/#website","url":"https:\/\/www.las-islas-reisen.de\/magazin\/","name":"","description":"","publisher":{"@id":"https:\/\/www.las-islas-reisen.de\/magazin\/#organization"},"potentialAction":[{"@type":"SearchAction","target":{"@type":"EntryPoint","urlTemplate":"https:\/\/www.las-islas-reisen.de\/magazin\/?s={search_term_string}"},"query-input":{"@type":"PropertyValueSpecification","valueRequired":true,"valueName":"search_term_string"}}],"inLanguage":"de"},{"@type":"Organization","@id":"https:\/\/www.las-islas-reisen.de\/magazin\/#organization","name":"Las Islas Reisen GmbH","url":"https:\/\/www.las-islas-reisen.de\/magazin\/","logo":{"@type":"ImageObject","inLanguage":"de","@id":"https:\/\/www.las-islas-reisen.de\/magazin\/#\/schema\/logo\/image\/","url":"https:\/\/www.las-islas-reisen.de\/magazin\/wp-content\/uploads\/2015\/06\/logo6.jpg","contentUrl":"https:\/\/www.las-islas-reisen.de\/magazin\/wp-content\/uploads\/2015\/06\/logo6.jpg","width":700,"height":700,"caption":"Las Islas Reisen GmbH"},"image":{"@id":"https:\/\/www.las-islas-reisen.de\/magazin\/#\/schema\/logo\/image\/"}},{"@type":"Person","@id":"https:\/\/www.las-islas-reisen.de\/magazin\/#\/schema\/person\/3518c9096bde8c3b0c3c5175ddda68f1","name":"Las Islas Reisen"}]}},"modified_by":"Las Islas Reisen","_links":{"self":[{"href":"https:\/\/www.las-islas-reisen.de\/magazin\/wp-json\/wp\/v2\/posts\/1731","targetHints":{"allow":["GET"]}}],"collection":[{"href":"https:\/\/www.las-islas-reisen.de\/magazin\/wp-json\/wp\/v2\/posts"}],"about":[{"href":"https:\/\/www.las-islas-reisen.de\/magazin\/wp-json\/wp\/v2\/types\/post"}],"author":[{"embeddable":true,"href":"https:\/\/www.las-islas-reisen.de\/magazin\/wp-json\/wp\/v2\/users\/1"}],"replies":[{"embeddable":true,"href":"https:\/\/www.las-islas-reisen.de\/magazin\/wp-json\/wp\/v2\/comments?post=1731"}],"version-history":[{"count":1,"href":"https:\/\/www.las-islas-reisen.de\/magazin\/wp-json\/wp\/v2\/posts\/1731\/revisions"}],"predecessor-version":[{"id":3225,"href":"https:\/\/www.las-islas-reisen.de\/magazin\/wp-json\/wp\/v2\/posts\/1731\/revisions\/3225"}],"wp:featuredmedia":[{"embeddable":true,"href":"https:\/\/www.las-islas-reisen.de\/magazin\/wp-json\/wp\/v2\/media\/1748"}],"wp:attachment":[{"href":"https:\/\/www.las-islas-reisen.de\/magazin\/wp-json\/wp\/v2\/media?parent=1731"}],"wp:term":[{"taxonomy":"category","embeddable":true,"href":"https:\/\/www.las-islas-reisen.de\/magazin\/wp-json\/wp\/v2\/categories?post=1731"},{"taxonomy":"post_tag","embeddable":true,"href":"https:\/\/www.las-islas-reisen.de\/magazin\/wp-json\/wp\/v2\/tags?post=1731"}],"curies":[{"name":"wp","href":"https:\/\/api.w.org\/{rel}","templated":true}]}}