{"id":1780,"date":"2016-03-21T17:07:50","date_gmt":"2016-03-21T16:07:50","guid":{"rendered":"http:\/\/www.las-islas-reisen.de\/magazin\/?p=1780"},"modified":"2026-03-12T08:53:26","modified_gmt":"2026-03-12T07:53:26","slug":"mallorca-mit-dem-mietwagen","status":"publish","type":"post","link":"https:\/\/www.las-islas-reisen.de\/magazin\/mallorca-mit-dem-mietwagen\/","title":{"rendered":"Mallorca mit dem Mietwagen erkunden"},"content":{"rendered":"\n<p>Mallorca ist mit 550 Kilometern K\u00fcstenlinie die gr\u00f6\u00dfte Insel der Balearen. Ihre sechs Landschaftszonen sind ein kleiner Kosmos unterschiedlichster Regionen, von den gewaltigen Gipfeln der Serra de Tramuntana im Nordwesten \u00fcber die fruchtbaren Ebenen von Es Pl\u00e0 bis zur gro\u00dfen Bucht von Palma im S\u00fcdwesten. Die vielen Facetten der Insel erschlie\u00dfen sich nur dem reisenden Urlauber ganz. <strong>F\u00fcr alle Entdecker<\/strong> gibt es darum auf Mallorca einen Schl\u00fcssel zum Gl\u00fcck: den Autoschl\u00fcssel. Denn die Insel will erfahren sein. Setzen Sie sich an das Steuer eines Mietwagens und lernen Sie die Vielseitigkeit kennen.<\/p>\n\n\n<div class=\"wp-block-image\">\n<figure class=\"aligncenter\"><img decoding=\"async\" src=\"https:\/\/www.las-islas-reisen.de\/magazin\/wp-content\/uploads\/2016\/03\/palma-de-mallorca-flughafen.jpg\" alt=\"Flughafen Palma de Mallorca\"\/><\/figure>\n<\/div>\n\n\n<h3 class=\"wp-block-heading\">Bequemer ankommen<\/h3>\n\n\n\n<p>Die Buchung eines Mietwagens auf Mallorca ist einfach. Bereits im Flughafengeb\u00e4ude Palmas finden Sie Buchungsschalter, an denen Autos gemietet werden k\u00f6nnen. Neben dem Flughafengeb\u00e4ude steht ein riesiges Parkhaus, in dessen Erdgeschoss zahlreiche gro\u00dfe und kleinere Mietwagen-Agenturen ihre Dependancen haben. Damit ist eine <strong>einfache und entspannte Anreise<\/strong> zu Ihrer Unterkunft garantiert. Nachdem Sie den Mietvertrag abgeschlossen und Ihr Gep\u00e4ck im Wagen verladen haben, fahren Sie \u00fcber die gut ausgebauten Stra\u00dfen der Insel zu Ihrer <a href=\"https:\/\/www.las-islas-reisen.de\/mallorca\/finca-mallorca.php\">Finca oder Ferienhaus<\/a>. Und wenn Ihnen jetzt einf\u00e4llt, dass Sie Ihre Badehose zu Hause vergessen haben oder noch schnell ein Einkauf erledigt werden muss, ist das kein Problem &#8211; Sie haben schlie\u00dflich ein Auto.<\/p>\n\n\n<div class=\"wp-block-image\">\n<figure class=\"aligncenter\"><img decoding=\"async\" src=\"https:\/\/www.las-islas-reisen.de\/magazin\/wp-content\/uploads\/2016\/03\/auto-einkauf.jpg\" alt=\"Einkauf\"\/><\/figure>\n<\/div>\n\n\n<h3 class=\"wp-block-heading\">Flexibel bleiben<\/h3>\n\n\n\n<p>Die Vielseitigkeit Mallorcas schafft die M\u00f6glichkeit, dass kein Urlaubstag dem anderen gleichen muss. Mit einem Mietwagen erwerben Sie Flexibilit\u00e4t f\u00fcr eine <strong>abwechslungsreiche Urlaubsgestaltung<\/strong>. Mit ihm k\u00f6nnen Sie auf alle Launen der Natur und sonstigen Umst\u00e4nde angemessen und bequem reagieren. Auch auf der Sonneninsel Mallorca kann sich der Himmel mal beziehen. Vielleicht wollen Sie dann einen Ausflug unternehmen, ein Museum oder eine Kirche besichtigen. Der Mietwagen bringt Sie oder Ihre Kinder auch schnell zum Arzt oder zur Apotheke. Oder zu einem der vielen <a href=\"https:\/\/www.las-islas-reisen.de\/magazin\/feiertage-mallorca\/\">Volksfeste<\/a> und <a href=\"https:\/\/www.las-islas-reisen.de\/magazin\/wochenmarkt-mallorca\/\">M\u00e4rkte<\/a>, die das Inselleben so bunt und abwechslungsreich machen. Mit einem Mietwagen k\u00f6nnen Sie Ihren Mallorca-Urlaub in <strong>allen Facetten erleben<\/strong>.<\/p>\n\n\n\n<h3 class=\"wp-block-heading\">Zum Entdecker werden<\/h3>\n\n\n<div class=\"wp-block-image\">\n<figure class=\"aligncenter\"><img decoding=\"async\" width=\"670\" height=\"422\" src=\"https:\/\/www.las-islas-reisen.de\/magazin\/wp-content\/uploads\/2016\/03\/mietwagen-auf-strasse.jpg\" alt=\"Fahrt mit dem Mietwagen\" class=\"wp-image-2265\" srcset=\"https:\/\/www.las-islas-reisen.de\/magazin\/wp-content\/uploads\/2016\/03\/mietwagen-auf-strasse.jpg 670w, https:\/\/www.las-islas-reisen.de\/magazin\/wp-content\/uploads\/2016\/03\/mietwagen-auf-strasse-300x189.jpg 300w\" sizes=\"(max-width: 670px) 100vw, 670px\" \/><\/figure>\n<\/div>\n\n\n<p>Mallorca besitzt zu allen Jahreszeiten seine besonderen Reize. Im Fr\u00fchjahr kann auf weiten Exkursionen mit dem Mietwagen die unvergleichlich sch\u00f6ne <a href=\"https:\/\/www.las-islas-reisen.de\/magazin\/mandelbluete-mallorca\/\">Mandelbl\u00fcte<\/a> der Insel erlebt werden. Im Sommer bringt Sie Ihr Mietwagen zu den <strong>versteckten Str\u00e4nden und Buchten<\/strong>, in denen Sie ruhig Ihre Seele baumeln lassen k\u00f6nnen. Im Herbst und im Winter erschlie\u00dft der Wagen Ihnen <a href=\"https:\/\/www.las-islas-reisen.de\/mallorca\/insel.php\">Regionen<\/a>, die Sie zu traumhaften Wanderungen und Naturbeobachtungen einladen. Wer ohne vier R\u00e4der auf Mallorca unterwegs ist, lernt die Insel niemals ganz kennen &#8211; denn sie ist zu vielseitig und zu gro\u00df.<\/p>\n\n\n\n<p><strong>Hier ein paar Ausflugsbeispiele:<\/strong><\/p>\n\n\n\n<ul class=\"wp-block-list\">\n<li>von Andratx an der Westk\u00fcste nach <a href=\"https:\/\/www.las-islas-reisen.de\/mallorca\/soller.php\">Soller<\/a>: anderthalb Stunden Fahrtzeit f\u00fcr 53 Kilometer auf einer der sch\u00f6nsten Routen Mallorcas &#8211; die MA 10 f\u00fchrt Sie durch eine <strong>traumhafte Steilk\u00fcsten- und Gebirgslandschaft<\/strong> zu weiten Meeresblicken und Fischerd\u00f6rfern, Badebuchten und historischen D\u00f6rfern<\/li>\n\n\n\n<li>von <a href=\"https:\/\/www.las-islas-reisen.de\/mallorca\/pollensa.php\">Port de Pollenca<\/a> an der Nordostk\u00fcste bis nach <a href=\"https:\/\/www.las-islas-reisen.de\/mallorca\/arta.php\">Arta<\/a>: auf der PM 222 in Meeressichtn\u00e4he sch\u00f6ne Buchten, Felslandschaften und Naturschutzgebiete jenseits des Massentourismus entdecken<\/li>\n<\/ul>\n\n\n<div class=\"wp-block-image\">\n<figure class=\"aligncenter\"><img decoding=\"async\" src=\"https:\/\/www.las-islas-reisen.de\/magazin\/wp-content\/uploads\/2016\/03\/tramuntana-strasse.jpg\" alt=\"Serra de Tramuntana\"\/><\/figure>\n<\/div>\n\n\n<ul class=\"wp-block-list\">\n<li>ein Mietwagen im Sommer ist f\u00fcr einen entspannten Strandtag Gold wert: beispielsweise in der sch\u00f6nen Bucht von Cala Sa Nau im S\u00fcdosten, zwischen <a href=\"https:\/\/www.las-islas-reisen.de\/mallorca\/cala-dor.php\">Cala D&#8217;Or<\/a> und <a href=\"https:\/\/www.las-islas-reisen.de\/mallorca\/porto-colom.php\">Portocolom<\/a>; oder auf dem paradiesischen Strand von Cala Torta im Osten Mallorcas, der abgelegen ist und dennoch mit dem Mietwagen erreicht werden kann<\/li>\n<\/ul>\n\n\n\n<h3 class=\"wp-block-heading\">Die geringen Kosten<\/h3>\n\n\n<div class=\"wp-block-image\">\n<figure class=\"aligncenter\"><img decoding=\"async\" src=\"https:\/\/www.las-islas-reisen.de\/magazin\/wp-content\/uploads\/2016\/03\/strasse-und-meer.jpg\" alt=\"Stra\u00dfe und Meer\"\/><\/figure>\n<\/div>\n\n\n<p>Mietwagen stehen auf Mallorca in gro\u00dfer Auswahl zur Verf\u00fcgung. Vom Kleinwagen bis zur Luxuskarosse ist f\u00fcr jeden Geschmack, jedes Bed\u00fcrfnis und f\u00fcr jeden Geldbeutel etwas dabei. Am g\u00fcnstigsten fallen die Buchungskonditionen aus, wenn das Mietauto <strong>bereits vor dem Urlaub<\/strong> online gebucht wird. Um Stress am Urlaubsort zu vermeiden, k\u00f6nnen auf diesem Weg Zusatzoptionen wie Kindersitze und Navigationsger\u00e4t gleich mit gebucht werden. Zur besten Absicherung gegen Personen- und Sachsch\u00e4den empfiehlt sich der Abschluss einer Vollkaskoversicherung ohne Selbstbeteiligung. Versicherungsexperten empfehlen zur Aufstockung der Kfz-Haftpflichtversicherung im Ausland den Abschluss der sogenannten Mallorca-Police. In vielen neueren Versicherungsvertr\u00e4gen ist diese Extra-Absicherung bereits inklusive.<\/p>\n\n\n\n<blockquote class=\"wp-block-quote is-layout-flow wp-block-quote-is-layout-flow\">\n<p>Mit einem Mietwagen auf Mallorca erwerben Sie Bequemlichkeit, Flexibilit\u00e4t und die M\u00f6glichkeit, viele neue Facetten dieser sch\u00f6nen Insel zu entdecken.<\/p>\n<\/blockquote>\n\n\n\n<p>Au\u00dferdem lesenswert: <a href=\"https:\/\/www.las-islas-reisen.de\/magazin\/mietwagenbuchung-mallorca-10-tipps\/\">10 Tipps worauf man bei der Buchung eines Mietwagen auf Mallorca achten sollte<\/a><\/p>\n","protected":false},"excerpt":{"rendered":"<p>Mallorca ist mit 550 Kilometern K\u00fcstenlinie die gr\u00f6\u00dfte Insel der Balearen. Ihre sechs Landschaftszonen sind ein kleiner Kosmos unterschiedlichster Regionen, von den gewaltigen Gipfeln der Serra de Tramuntana im Nordwesten \u00fcber die fruchtbaren Ebenen von Es Pl\u00e0 bis zur gro\u00dfen Bucht von Palma im S\u00fcdwesten. Die vielen Facetten der Insel erschlie\u00dfen sich nur dem reisenden&#8230;<\/p>\n","protected":false},"author":1,"featured_media":2263,"comment_status":"open","ping_status":"open","sticky":false,"template":"","format":"standard","meta":{"_lmt_disableupdate":"","_lmt_disable":"","_kad_post_transparent":"","_kad_post_title":"","_kad_post_layout":"","_kad_post_sidebar_id":"","_kad_post_content_style":"","_kad_post_vertical_padding":"","_kad_post_feature":"","_kad_post_feature_position":"","_kad_post_header":false,"_kad_post_footer":false,"_kad_post_classname":"","footnotes":""},"categories":[3],"tags":[],"class_list":["post-1780","post","type-post","status-publish","format-standard","has-post-thumbnail","hentry","category-ausflugsziele"],"yoast_head":"<!-- This site is optimized with the Yoast SEO plugin v27.2 - https:\/\/yoast.com\/product\/yoast-seo-wordpress\/ -->\n<title>\u1405 Mallorca erkunden &amp; entdecken: Wieso ihr einen Mietwagen braucht!<\/title>\n<meta name=\"description\" content=\"Hier verraten wir euch f\u00fcr wen sich ein Mietwagen auf Mallorca lohnt und nennen 5 Gr\u00fcnde warum ihr auf einen Metwagen nicht verzichten solltet.\" \/>\n<meta name=\"robots\" content=\"index, follow, max-snippet:-1, max-image-preview:large, max-video-preview:-1\" \/>\n<link rel=\"canonical\" href=\"https:\/\/www.las-islas-reisen.de\/magazin\/mallorca-mit-dem-mietwagen\/\" \/>\n<meta name=\"twitter:label1\" content=\"Verfasst von\" \/>\n\t<meta name=\"twitter:data1\" content=\"Las Islas Reisen\" \/>\n\t<meta name=\"twitter:label2\" content=\"Gesch\u00e4tzte Lesezeit\" \/>\n\t<meta name=\"twitter:data2\" content=\"5\u00a0Minuten\" \/>\n<script type=\"application\/ld+json\" class=\"yoast-schema-graph\">{\"@context\":\"https:\/\/schema.org\",\"@graph\":[{\"@type\":\"Article\",\"@id\":\"https:\/\/www.las-islas-reisen.de\/magazin\/mallorca-mit-dem-mietwagen\/#article\",\"isPartOf\":{\"@id\":\"https:\/\/www.las-islas-reisen.de\/magazin\/mallorca-mit-dem-mietwagen\/\"},\"author\":{\"name\":\"Las Islas Reisen\",\"@id\":\"https:\/\/www.las-islas-reisen.de\/magazin\/#\/schema\/person\/3518c9096bde8c3b0c3c5175ddda68f1\"},\"headline\":\"Mallorca mit dem Mietwagen erkunden\",\"datePublished\":\"2016-03-21T16:07:50+00:00\",\"dateModified\":\"2026-03-12T07:53:26+00:00\",\"mainEntityOfPage\":{\"@id\":\"https:\/\/www.las-islas-reisen.de\/magazin\/mallorca-mit-dem-mietwagen\/\"},\"wordCount\":708,\"commentCount\":0,\"publisher\":{\"@id\":\"https:\/\/www.las-islas-reisen.de\/magazin\/#organization\"},\"image\":{\"@id\":\"https:\/\/www.las-islas-reisen.de\/magazin\/mallorca-mit-dem-mietwagen\/#primaryimage\"},\"thumbnailUrl\":\"https:\/\/www.las-islas-reisen.de\/magazin\/wp-content\/uploads\/2016\/09\/mietautos-vor-finca.jpg\",\"articleSection\":[\"Ausflugsziele\"],\"inLanguage\":\"de\",\"potentialAction\":[{\"@type\":\"CommentAction\",\"name\":\"Comment\",\"target\":[\"https:\/\/www.las-islas-reisen.de\/magazin\/mallorca-mit-dem-mietwagen\/#respond\"]}]},{\"@type\":\"WebPage\",\"@id\":\"https:\/\/www.las-islas-reisen.de\/magazin\/mallorca-mit-dem-mietwagen\/\",\"url\":\"https:\/\/www.las-islas-reisen.de\/magazin\/mallorca-mit-dem-mietwagen\/\",\"name\":\"\u1405 Mallorca erkunden & entdecken: Wieso ihr einen Mietwagen braucht!\",\"isPartOf\":{\"@id\":\"https:\/\/www.las-islas-reisen.de\/magazin\/#website\"},\"primaryImageOfPage\":{\"@id\":\"https:\/\/www.las-islas-reisen.de\/magazin\/mallorca-mit-dem-mietwagen\/#primaryimage\"},\"image\":{\"@id\":\"https:\/\/www.las-islas-reisen.de\/magazin\/mallorca-mit-dem-mietwagen\/#primaryimage\"},\"thumbnailUrl\":\"https:\/\/www.las-islas-reisen.de\/magazin\/wp-content\/uploads\/2016\/09\/mietautos-vor-finca.jpg\",\"datePublished\":\"2016-03-21T16:07:50+00:00\",\"dateModified\":\"2026-03-12T07:53:26+00:00\",\"description\":\"Hier verraten wir euch f\u00fcr wen sich ein Mietwagen auf Mallorca lohnt und nennen 5 Gr\u00fcnde warum ihr auf einen Metwagen nicht verzichten solltet.\",\"breadcrumb\":{\"@id\":\"https:\/\/www.las-islas-reisen.de\/magazin\/mallorca-mit-dem-mietwagen\/#breadcrumb\"},\"inLanguage\":\"de\",\"potentialAction\":[{\"@type\":\"ReadAction\",\"target\":[\"https:\/\/www.las-islas-reisen.de\/magazin\/mallorca-mit-dem-mietwagen\/\"]}]},{\"@type\":\"ImageObject\",\"inLanguage\":\"de\",\"@id\":\"https:\/\/www.las-islas-reisen.de\/magazin\/mallorca-mit-dem-mietwagen\/#primaryimage\",\"url\":\"https:\/\/www.las-islas-reisen.de\/magazin\/wp-content\/uploads\/2016\/09\/mietautos-vor-finca.jpg\",\"contentUrl\":\"https:\/\/www.las-islas-reisen.de\/magazin\/wp-content\/uploads\/2016\/09\/mietautos-vor-finca.jpg\",\"width\":670,\"height\":361,\"caption\":\"Mietautos vor einer Finca\"},{\"@type\":\"BreadcrumbList\",\"@id\":\"https:\/\/www.las-islas-reisen.de\/magazin\/mallorca-mit-dem-mietwagen\/#breadcrumb\",\"itemListElement\":[{\"@type\":\"ListItem\",\"position\":1,\"name\":\"Home\",\"item\":\"https:\/\/www.las-islas-reisen.de\/magazin\/\"},{\"@type\":\"ListItem\",\"position\":2,\"name\":\"Mallorca mit dem Mietwagen erkunden\"}]},{\"@type\":\"WebSite\",\"@id\":\"https:\/\/www.las-islas-reisen.de\/magazin\/#website\",\"url\":\"https:\/\/www.las-islas-reisen.de\/magazin\/\",\"name\":\"\",\"description\":\"\",\"publisher\":{\"@id\":\"https:\/\/www.las-islas-reisen.de\/magazin\/#organization\"},\"potentialAction\":[{\"@type\":\"SearchAction\",\"target\":{\"@type\":\"EntryPoint\",\"urlTemplate\":\"https:\/\/www.las-islas-reisen.de\/magazin\/?s={search_term_string}\"},\"query-input\":{\"@type\":\"PropertyValueSpecification\",\"valueRequired\":true,\"valueName\":\"search_term_string\"}}],\"inLanguage\":\"de\"},{\"@type\":\"Organization\",\"@id\":\"https:\/\/www.las-islas-reisen.de\/magazin\/#organization\",\"name\":\"Las Islas Reisen GmbH\",\"url\":\"https:\/\/www.las-islas-reisen.de\/magazin\/\",\"logo\":{\"@type\":\"ImageObject\",\"inLanguage\":\"de\",\"@id\":\"https:\/\/www.las-islas-reisen.de\/magazin\/#\/schema\/logo\/image\/\",\"url\":\"https:\/\/www.las-islas-reisen.de\/magazin\/wp-content\/uploads\/2015\/06\/logo6.jpg\",\"contentUrl\":\"https:\/\/www.las-islas-reisen.de\/magazin\/wp-content\/uploads\/2015\/06\/logo6.jpg\",\"width\":700,\"height\":700,\"caption\":\"Las Islas Reisen GmbH\"},\"image\":{\"@id\":\"https:\/\/www.las-islas-reisen.de\/magazin\/#\/schema\/logo\/image\/\"}},{\"@type\":\"Person\",\"@id\":\"https:\/\/www.las-islas-reisen.de\/magazin\/#\/schema\/person\/3518c9096bde8c3b0c3c5175ddda68f1\",\"name\":\"Las Islas Reisen\"}]}<\/script>\n<!-- \/ Yoast SEO plugin. -->","yoast_head_json":{"title":"\u1405 Mallorca erkunden & entdecken: Wieso ihr einen Mietwagen braucht!","description":"Hier verraten wir euch f\u00fcr wen sich ein Mietwagen auf Mallorca lohnt und nennen 5 Gr\u00fcnde warum ihr auf einen Metwagen nicht verzichten solltet.","robots":{"index":"index","follow":"follow","max-snippet":"max-snippet:-1","max-image-preview":"max-image-preview:large","max-video-preview":"max-video-preview:-1"},"canonical":"https:\/\/www.las-islas-reisen.de\/magazin\/mallorca-mit-dem-mietwagen\/","twitter_misc":{"Verfasst von":"Las Islas Reisen","Gesch\u00e4tzte Lesezeit":"5\u00a0Minuten"},"schema":{"@context":"https:\/\/schema.org","@graph":[{"@type":"Article","@id":"https:\/\/www.las-islas-reisen.de\/magazin\/mallorca-mit-dem-mietwagen\/#article","isPartOf":{"@id":"https:\/\/www.las-islas-reisen.de\/magazin\/mallorca-mit-dem-mietwagen\/"},"author":{"name":"Las Islas Reisen","@id":"https:\/\/www.las-islas-reisen.de\/magazin\/#\/schema\/person\/3518c9096bde8c3b0c3c5175ddda68f1"},"headline":"Mallorca mit dem Mietwagen erkunden","datePublished":"2016-03-21T16:07:50+00:00","dateModified":"2026-03-12T07:53:26+00:00","mainEntityOfPage":{"@id":"https:\/\/www.las-islas-reisen.de\/magazin\/mallorca-mit-dem-mietwagen\/"},"wordCount":708,"commentCount":0,"publisher":{"@id":"https:\/\/www.las-islas-reisen.de\/magazin\/#organization"},"image":{"@id":"https:\/\/www.las-islas-reisen.de\/magazin\/mallorca-mit-dem-mietwagen\/#primaryimage"},"thumbnailUrl":"https:\/\/www.las-islas-reisen.de\/magazin\/wp-content\/uploads\/2016\/09\/mietautos-vor-finca.jpg","articleSection":["Ausflugsziele"],"inLanguage":"de","potentialAction":[{"@type":"CommentAction","name":"Comment","target":["https:\/\/www.las-islas-reisen.de\/magazin\/mallorca-mit-dem-mietwagen\/#respond"]}]},{"@type":"WebPage","@id":"https:\/\/www.las-islas-reisen.de\/magazin\/mallorca-mit-dem-mietwagen\/","url":"https:\/\/www.las-islas-reisen.de\/magazin\/mallorca-mit-dem-mietwagen\/","name":"\u1405 Mallorca erkunden & entdecken: Wieso ihr einen Mietwagen braucht!","isPartOf":{"@id":"https:\/\/www.las-islas-reisen.de\/magazin\/#website"},"primaryImageOfPage":{"@id":"https:\/\/www.las-islas-reisen.de\/magazin\/mallorca-mit-dem-mietwagen\/#primaryimage"},"image":{"@id":"https:\/\/www.las-islas-reisen.de\/magazin\/mallorca-mit-dem-mietwagen\/#primaryimage"},"thumbnailUrl":"https:\/\/www.las-islas-reisen.de\/magazin\/wp-content\/uploads\/2016\/09\/mietautos-vor-finca.jpg","datePublished":"2016-03-21T16:07:50+00:00","dateModified":"2026-03-12T07:53:26+00:00","description":"Hier verraten wir euch f\u00fcr wen sich ein Mietwagen auf Mallorca lohnt und nennen 5 Gr\u00fcnde warum ihr auf einen Metwagen nicht verzichten solltet.","breadcrumb":{"@id":"https:\/\/www.las-islas-reisen.de\/magazin\/mallorca-mit-dem-mietwagen\/#breadcrumb"},"inLanguage":"de","potentialAction":[{"@type":"ReadAction","target":["https:\/\/www.las-islas-reisen.de\/magazin\/mallorca-mit-dem-mietwagen\/"]}]},{"@type":"ImageObject","inLanguage":"de","@id":"https:\/\/www.las-islas-reisen.de\/magazin\/mallorca-mit-dem-mietwagen\/#primaryimage","url":"https:\/\/www.las-islas-reisen.de\/magazin\/wp-content\/uploads\/2016\/09\/mietautos-vor-finca.jpg","contentUrl":"https:\/\/www.las-islas-reisen.de\/magazin\/wp-content\/uploads\/2016\/09\/mietautos-vor-finca.jpg","width":670,"height":361,"caption":"Mietautos vor einer Finca"},{"@type":"BreadcrumbList","@id":"https:\/\/www.las-islas-reisen.de\/magazin\/mallorca-mit-dem-mietwagen\/#breadcrumb","itemListElement":[{"@type":"ListItem","position":1,"name":"Home","item":"https:\/\/www.las-islas-reisen.de\/magazin\/"},{"@type":"ListItem","position":2,"name":"Mallorca mit dem Mietwagen erkunden"}]},{"@type":"WebSite","@id":"https:\/\/www.las-islas-reisen.de\/magazin\/#website","url":"https:\/\/www.las-islas-reisen.de\/magazin\/","name":"","description":"","publisher":{"@id":"https:\/\/www.las-islas-reisen.de\/magazin\/#organization"},"potentialAction":[{"@type":"SearchAction","target":{"@type":"EntryPoint","urlTemplate":"https:\/\/www.las-islas-reisen.de\/magazin\/?s={search_term_string}"},"query-input":{"@type":"PropertyValueSpecification","valueRequired":true,"valueName":"search_term_string"}}],"inLanguage":"de"},{"@type":"Organization","@id":"https:\/\/www.las-islas-reisen.de\/magazin\/#organization","name":"Las Islas Reisen GmbH","url":"https:\/\/www.las-islas-reisen.de\/magazin\/","logo":{"@type":"ImageObject","inLanguage":"de","@id":"https:\/\/www.las-islas-reisen.de\/magazin\/#\/schema\/logo\/image\/","url":"https:\/\/www.las-islas-reisen.de\/magazin\/wp-content\/uploads\/2015\/06\/logo6.jpg","contentUrl":"https:\/\/www.las-islas-reisen.de\/magazin\/wp-content\/uploads\/2015\/06\/logo6.jpg","width":700,"height":700,"caption":"Las Islas Reisen GmbH"},"image":{"@id":"https:\/\/www.las-islas-reisen.de\/magazin\/#\/schema\/logo\/image\/"}},{"@type":"Person","@id":"https:\/\/www.las-islas-reisen.de\/magazin\/#\/schema\/person\/3518c9096bde8c3b0c3c5175ddda68f1","name":"Las Islas Reisen"}]}},"modified_by":"Las Islas Reisen","_links":{"self":[{"href":"https:\/\/www.las-islas-reisen.de\/magazin\/wp-json\/wp\/v2\/posts\/1780","targetHints":{"allow":["GET"]}}],"collection":[{"href":"https:\/\/www.las-islas-reisen.de\/magazin\/wp-json\/wp\/v2\/posts"}],"about":[{"href":"https:\/\/www.las-islas-reisen.de\/magazin\/wp-json\/wp\/v2\/types\/post"}],"author":[{"embeddable":true,"href":"https:\/\/www.las-islas-reisen.de\/magazin\/wp-json\/wp\/v2\/users\/1"}],"replies":[{"embeddable":true,"href":"https:\/\/www.las-islas-reisen.de\/magazin\/wp-json\/wp\/v2\/comments?post=1780"}],"version-history":[{"count":1,"href":"https:\/\/www.las-islas-reisen.de\/magazin\/wp-json\/wp\/v2\/posts\/1780\/revisions"}],"predecessor-version":[{"id":3223,"href":"https:\/\/www.las-islas-reisen.de\/magazin\/wp-json\/wp\/v2\/posts\/1780\/revisions\/3223"}],"wp:featuredmedia":[{"embeddable":true,"href":"https:\/\/www.las-islas-reisen.de\/magazin\/wp-json\/wp\/v2\/media\/2263"}],"wp:attachment":[{"href":"https:\/\/www.las-islas-reisen.de\/magazin\/wp-json\/wp\/v2\/media?parent=1780"}],"wp:term":[{"taxonomy":"category","embeddable":true,"href":"https:\/\/www.las-islas-reisen.de\/magazin\/wp-json\/wp\/v2\/categories?post=1780"},{"taxonomy":"post_tag","embeddable":true,"href":"https:\/\/www.las-islas-reisen.de\/magazin\/wp-json\/wp\/v2\/tags?post=1780"}],"curies":[{"name":"wp","href":"https:\/\/api.w.org\/{rel}","templated":true}]}}