{"id":1826,"date":"2016-08-05T11:08:52","date_gmt":"2016-08-05T09:08:52","guid":{"rendered":"http:\/\/www.las-islas-reisen.de\/magazin\/?p=1826"},"modified":"2026-03-12T10:11:03","modified_gmt":"2026-03-12T09:11:03","slug":"aussichtspunkte-auf-mallorca","status":"publish","type":"post","link":"https:\/\/www.las-islas-reisen.de\/magazin\/aussichtspunkte-auf-mallorca\/","title":{"rendered":"Die sch\u00f6nsten Aussichtspunkte auf Mallorca"},"content":{"rendered":"\n<p><strong>Mallorca ist die Insel der sch\u00f6nen Aussichten. Denn sie schenkt ihren Besuchern nicht nur einige der traumhaftesten Str\u00e4nde und Buchten der Welt; auf der gr\u00f6\u00dften Insel der Balearen f\u00fchlen sich auch Wanderer und Liebhaber des Gebirges wohl.<\/strong><\/p>\n\n\n\n<p>Allein in der Serra de Tramuntana stehen elf Gipfel mit \u00fcber 1000 Meter H\u00f6he. Dramatische Steilk\u00fcsten laden zu weiten Blicken \u00fcber Felsen, Buchten und das Mittelmeer ein. <strong>Mirador<\/strong> ist \u00fcbrigens das spanische Wort f\u00fcr Aussichtspunkt. Von diesen Panoramaorten besitzt Mallorca eine reiche Auswahl. Manche sind sehr bekannt, manche versteckter und mit etwas mehr Aufwand zu erreichen. Im Folgenden stellen wir Ihnen die besten Pl\u00e4tze f\u00fcr die sch\u00f6nsten Aussichten vor. Mallorca aus der Vogelperspektive.<\/p>\n\n\n\n<h3 class=\"wp-block-heading\">Mirador Es Colomer<\/h3>\n\n\n\n<p> <div class=\"brlbs-cmpnt-container brlbs-cmpnt-content-blocker brlbs-cmpnt-with-individual-styles\" data-borlabs-cookie-content-blocker-id=\"google-maps\" data-borlabs-cookie-content=\"PGlmcmFtZSBzdHlsZT0iYm9yZGVyOiAwOyIgc3JjPSJodHRwczovL3d3dy5nb29nbGUuY29tL21hcHMvZW1iZWQ\/cGI9ITFtMCEzbTIhMXNkZSEyc2RlITR2MTQ3MDM4NzM5ODc4MiE2bTghMW03ITFzRiUzQS1XTUZ6UFY3VTlXTSUyRlZ3NHpvZlZCUThJJTJGQUFBQUFBQUFHbDAlMkZBN256Z3pYWmdHMHpKZ2FkeHFrdmY1RFN2NTRZZDloTFEhMm0yITFkMzkuOTMxMDQ1NiEyZDMuMTEyOTAwNyEzZjU5LjQ1MzkzMjA1NTQ3MjA0NSE0ZjQuMTY5MTMxMTc2NjQ4MzIxITVmMC43ODIwODY1OTc0NjI3NDY5IiB3aWR0aD0iMTAwJSIgaGVpZ2h0PSIzMDAiIGZyYW1lYm9yZGVyPSIwIiBhbGxvd2Z1bGxzY3JlZW49ImFsbG93ZnVsbHNjcmVlbiI+PC9pZnJhbWU+\"><div class=\"brlbs-cmpnt-cb-preset-b brlbs-cmpnt-cb-google-maps\"> <div class=\"brlbs-cmpnt-cb-thumbnail\" style=\"background-image: url('https:\/\/www.las-islas-reisen.de\/magazin\/wp-content\/uploads\/borlabs-cookie\/1\/brlbs-cb-google-maps-main.png')\"><\/div> <div class=\"brlbs-cmpnt-cb-main\"> <div class=\"brlbs-cmpnt-cb-content\"> <p class=\"brlbs-cmpnt-cb-description\">Sie sehen gerade einen Platzhalterinhalt von <strong>Google Maps<\/strong>. Um auf den eigentlichen Inhalt zuzugreifen, klicken Sie auf die Schaltfl\u00e4che unten. Bitte beachten Sie, dass dabei Daten an Drittanbieter weitergegeben werden.<\/p> <a class=\"brlbs-cmpnt-cb-provider-toggle\" href=\"#\" data-borlabs-cookie-show-provider-information role=\"button\">Mehr Informationen<\/a> <\/div> <div class=\"brlbs-cmpnt-cb-buttons\"> <a class=\"brlbs-cmpnt-cb-btn\" href=\"#\" data-borlabs-cookie-unblock role=\"button\">Inhalt entsperren<\/a> <a class=\"brlbs-cmpnt-cb-btn\" href=\"#\" data-borlabs-cookie-accept-service role=\"button\" style=\"display: inherit\">Erforderlichen Service akzeptieren und Inhalte entsperren<\/a> <\/div> <\/div> <\/div><\/div><\/p>\n\n\n\n<p>Wenn Sie sich die Karte Mallorcas ansehen, wird Ihnen eine schmale Landzunge auffallen, die im Nordosten der Insel weit ins Meer hineinragt, wie ein \u00dcberbleibsel aus einem anderen geologischen Erdzeitalter. Was Sie hier sehen, nennt sich Formentor &#8211; und der n\u00f6rdlichste Punkt dieser Halbinsel (und gleichzeitig ganz Mallorcas), <strong>Cap Formentor<\/strong> genannt, ist einer der dramatischsten Orte der Insel. &#8218;Treffpunkt der Winde&#8216; nennen die Mallorquiner diese Gegend. Auf der serpentinenreichen Fahrt zum n\u00f6rdlichsten Inselpunkt begegnen Ihnen unvergessliche Panoramaorte. Der bekannteste ist der Mirador es Colomer an der Punta de la Nau. Von einer mehr als 300 Meter hohen Klippe blicken Sie an der zerkl\u00fcfteten Steilk\u00fcste von Formentor entlang und steil hinunter aufs tiefblaue Meer mit einem Inselchen namens &#8218;Taubenhaus&#8216; (&#8218;Es Colomer&#8216;).<\/p>\n\n\n\n<h3 class=\"wp-block-heading\">Mirador Es Mal Pas<\/h3>\n\n\n\n<p> <div class=\"brlbs-cmpnt-container brlbs-cmpnt-content-blocker brlbs-cmpnt-with-individual-styles\" data-borlabs-cookie-content-blocker-id=\"google-maps\" data-borlabs-cookie-content=\"PGlmcmFtZSBzdHlsZT0iYm9yZGVyOiAwOyIgc3JjPSJodHRwczovL3d3dy5nb29nbGUuY29tL21hcHMvZW1iZWQ\/cGI9ITFtMCEzbTIhMXNkZSEyc2RlITR2MTQ3MDM4NTEyNjE3NiE2bTghMW03ITFzRiUzQS1Gd016VUZ4T19TayUyRlZYS0c4ZXJTWW5JJTJGQUFBQUFBQUFBMVklMkZVRk5ub3Mwb0ItMFZwMDdRTVRvX3o0NnRKbk1tYy1PLWdDTElCITJtMiExZDM5LjkyODgyOTYwMDAwMDAxITJkMy4xMTcxOTExITNmNjguMTU2OTU1MDUzNDM5OTIhNGYwITVmMC43ODIwODY1OTc0NjI3NDY5IiB3aWR0aD0iMTAwJSIgaGVpZ2h0PSIzMDAiIGZyYW1lYm9yZGVyPSIwIiBhbGxvd2Z1bGxzY3JlZW49ImFsbG93ZnVsbHNjcmVlbiI+PC9pZnJhbWU+\"><div class=\"brlbs-cmpnt-cb-preset-b brlbs-cmpnt-cb-google-maps\"> <div class=\"brlbs-cmpnt-cb-thumbnail\" style=\"background-image: url('https:\/\/www.las-islas-reisen.de\/magazin\/wp-content\/uploads\/borlabs-cookie\/1\/brlbs-cb-google-maps-main.png')\"><\/div> <div class=\"brlbs-cmpnt-cb-main\"> <div class=\"brlbs-cmpnt-cb-content\"> <p class=\"brlbs-cmpnt-cb-description\">Sie sehen gerade einen Platzhalterinhalt von <strong>Google Maps<\/strong>. Um auf den eigentlichen Inhalt zuzugreifen, klicken Sie auf die Schaltfl\u00e4che unten. Bitte beachten Sie, dass dabei Daten an Drittanbieter weitergegeben werden.<\/p> <a class=\"brlbs-cmpnt-cb-provider-toggle\" href=\"#\" data-borlabs-cookie-show-provider-information role=\"button\">Mehr Informationen<\/a> <\/div> <div class=\"brlbs-cmpnt-cb-buttons\"> <a class=\"brlbs-cmpnt-cb-btn\" href=\"#\" data-borlabs-cookie-unblock role=\"button\">Inhalt entsperren<\/a> <a class=\"brlbs-cmpnt-cb-btn\" href=\"#\" data-borlabs-cookie-accept-service role=\"button\" style=\"display: inherit\">Erforderlichen Service akzeptieren und Inhalte entsperren<\/a> <\/div> <\/div> <\/div><\/div><\/p>\n\n\n\n<p>Wer es noch etwas Schwindelerregender liebt, der besuche den Mirador Es Mal Pas. Vom Parkplatz am Mirador es Colomer geht es \u00fcber eine schmale, gewundene Stra\u00dfe noch einmal die Berge hoch. Achtung: Diese Piste ist nur etwas f\u00fcr hartgesottene Fahrer ohne H\u00f6henphobie. Hinter einem Funkfeuer und einer ehemaligen Milit\u00e4ranlage erreichen Sie einen Fu\u00dfweg, der Sie zum <strong>Atalaya d&#8217;Albercruix<\/strong> f\u00fchrt, einem gut erhaltenen Wehrturm aus dem 16. Jahrhundert. Von diesen T\u00fcrmen wurden fr\u00fcher Rauch- und Feuersignale zur Warnung vor Piraten und anderen Angreifern gegeben. Die strategisch perfekte Platzierung des Turms werden Sie schnell begreifen, wenn Sie von hier oben Ihren 360-Grad-Panoramablick \u00fcber Halbinsel, Berge und die Bucht von Alcudia genie\u00dfen. Und das Beste: Hier oben sind Sie meistens allein.<\/p>\n\n\n\n<h3 class=\"wp-block-heading\">Far de Formentor<\/h3>\n\n\n\n<p> <div class=\"brlbs-cmpnt-container brlbs-cmpnt-content-blocker brlbs-cmpnt-with-individual-styles\" data-borlabs-cookie-content-blocker-id=\"google-maps\" data-borlabs-cookie-content=\"PGlmcmFtZSBzdHlsZT0iYm9yZGVyOiAwOyIgc3JjPSJodHRwczovL3d3dy5nb29nbGUuY29tL21hcHMvZW1iZWQ\/cGI9ITFtMCEzbTIhMXNkZSEyc3VzITR2MTQ3MDM4NzQ1NTQ4NCE2bTghMW03ITFzRiUzQS1IMzB6TG5fUDNqUSUyRlZjTktIUm5nZGpJJTJGQUFBQUFBQUFCLXMlMkZTLVJfMElEVEIxY1d5Y1lpVjJON0Nzc19maFdGOXA2UWchMm0yITFkMzkuOTYwODMwNSEyZDMuMjEwMjYxNCEzZjE1OS4zMTUwMjA4NzY4ODY0OCE0Zi01LjA0MjIwNjU3NDEzNjE1OSE1ZjAuNTk3MDExNzUwMTgyMTk5MiIgd2lkdGg9IjEwMCUiIGhlaWdodD0iMzAwIiBmcmFtZWJvcmRlcj0iMCIgYWxsb3dmdWxsc2NyZWVuPSJhbGxvd2Z1bGxzY3JlZW4iPjwvaWZyYW1lPg==\"><div class=\"brlbs-cmpnt-cb-preset-b brlbs-cmpnt-cb-google-maps\"> <div class=\"brlbs-cmpnt-cb-thumbnail\" style=\"background-image: url('https:\/\/www.las-islas-reisen.de\/magazin\/wp-content\/uploads\/borlabs-cookie\/1\/brlbs-cb-google-maps-main.png')\"><\/div> <div class=\"brlbs-cmpnt-cb-main\"> <div class=\"brlbs-cmpnt-cb-content\"> <p class=\"brlbs-cmpnt-cb-description\">Sie sehen gerade einen Platzhalterinhalt von <strong>Google Maps<\/strong>. Um auf den eigentlichen Inhalt zuzugreifen, klicken Sie auf die Schaltfl\u00e4che unten. Bitte beachten Sie, dass dabei Daten an Drittanbieter weitergegeben werden.<\/p> <a class=\"brlbs-cmpnt-cb-provider-toggle\" href=\"#\" data-borlabs-cookie-show-provider-information role=\"button\">Mehr Informationen<\/a> <\/div> <div class=\"brlbs-cmpnt-cb-buttons\"> <a class=\"brlbs-cmpnt-cb-btn\" href=\"#\" data-borlabs-cookie-unblock role=\"button\">Inhalt entsperren<\/a> <a class=\"brlbs-cmpnt-cb-btn\" href=\"#\" data-borlabs-cookie-accept-service role=\"button\" style=\"display: inherit\">Erforderlichen Service akzeptieren und Inhalte entsperren<\/a> <\/div> <\/div> <\/div><\/div><\/p>\n\n\n\n<p>Willkommen am <strong>n\u00f6rdlichsten Punkt Mallorcas<\/strong>, dem Leuchtturm der Halbinsel, dem Far de Formentor. Der Turm weist seit 1863 den Schiffen ihre Richtung. Urspr\u00fcnglich wurde er mit Oliven\u00f6l befeuert. Seine Baubedingungen waren so widrig und langwierig, dass der damalige Bischof die Erlaubnis zur Sonntagsarbeit gew\u00e4hrte. Als Aussichtspunkt ist der Far de Formentor einmalig. Der Blick geht \u00fcber die K\u00fcstenlandschaft der Halbinsel mit ihren bizarren Steilfelsen und \u00fcbers Meer an klaren Tagen bis zur Nachbarinsel Menorca.<\/p>\n\n\n\n<h3 class=\"wp-block-heading\">Mirador Ricardo Roca<\/h3>\n\n\n\n<p> <div class=\"brlbs-cmpnt-container brlbs-cmpnt-content-blocker brlbs-cmpnt-with-individual-styles\" data-borlabs-cookie-content-blocker-id=\"google-maps\" data-borlabs-cookie-content=\"PGlmcmFtZSBzdHlsZT0iYm9yZGVyOiAwOyIgc3JjPSJodHRwczovL3d3dy5nb29nbGUuY29tL21hcHMvZW1iZWQ\/cGI9ITFtMCEzbTIhMXNkZSEyc2RlITR2MTQ3MDM4NjMxMjgzNyE2bTghMW03ITFzRiUzQS1ueUY4ZXl0aDMyQSUyRlZDNzhpOFVLSDhJJTJGQUFBQUFBQUEyRjglMkZ5RGpHa2UzOVVXb3p3WXpWeFhFYmNWdWJhbG00NDZxNHchMm0yITFkMzkuNjQ1NjQhMmQyLjQ1MTc0MTkhM2YzNDcuMTg0NTA2NzMxNjM3MDQhNGYtMTcuNTU2NjUwOTY2NzQzNDIhNWYwLjc4MjA4NjU5NzQ2Mjc0NjkiIHdpZHRoPSIxMDAlIiBoZWlnaHQ9IjMwMCIgZnJhbWVib3JkZXI9IjAiIGFsbG93ZnVsbHNjcmVlbj0iYWxsb3dmdWxsc2NyZWVuIj48L2lmcmFtZT4=\"><div class=\"brlbs-cmpnt-cb-preset-b brlbs-cmpnt-cb-google-maps\"> <div class=\"brlbs-cmpnt-cb-thumbnail\" style=\"background-image: url('https:\/\/www.las-islas-reisen.de\/magazin\/wp-content\/uploads\/borlabs-cookie\/1\/brlbs-cb-google-maps-main.png')\"><\/div> <div class=\"brlbs-cmpnt-cb-main\"> <div class=\"brlbs-cmpnt-cb-content\"> <p class=\"brlbs-cmpnt-cb-description\">Sie sehen gerade einen Platzhalterinhalt von <strong>Google Maps<\/strong>. Um auf den eigentlichen Inhalt zuzugreifen, klicken Sie auf die Schaltfl\u00e4che unten. Bitte beachten Sie, dass dabei Daten an Drittanbieter weitergegeben werden.<\/p> <a class=\"brlbs-cmpnt-cb-provider-toggle\" href=\"#\" data-borlabs-cookie-show-provider-information role=\"button\">Mehr Informationen<\/a> <\/div> <div class=\"brlbs-cmpnt-cb-buttons\"> <a class=\"brlbs-cmpnt-cb-btn\" href=\"#\" data-borlabs-cookie-unblock role=\"button\">Inhalt entsperren<\/a> <a class=\"brlbs-cmpnt-cb-btn\" href=\"#\" data-borlabs-cookie-accept-service role=\"button\" style=\"display: inherit\">Erforderlichen Service akzeptieren und Inhalte entsperren<\/a> <\/div> <\/div> <\/div><\/div><\/p>\n\n\n\n<p>Eine der sch\u00f6nsten Panoramastra\u00dfen Mallorcas ist die C-710 entlang der Westk\u00fcste. Wir befinden uns <strong>in der Serra Tramuntana<\/strong>, dem wildromantischen Inselgebirge und UNESCO Weltnaturerbe. Von Andratx kommend, erreichen Sie kurz vor dem D\u00f6rfchen Estellencs den Mirador Ricardo Roca. \u00dcber eine Treppe besteigen Sie den Aussichtsbalkon 400 Meter hoch \u00fcber dem Meer. Der Blick steil herab l\u00e4sst Boote zu Spielzeugen werden. Das Wasser ist hier so klar, dass Sie trotz der H\u00f6he die Felsen auf dem Meeresgrund erkennen k\u00f6nnen.<\/p>\n\n\n\n<h3 class=\"wp-block-heading\">Mirador de ses Animes<\/h3>\n\n\n\n<p> <div class=\"brlbs-cmpnt-container brlbs-cmpnt-content-blocker brlbs-cmpnt-with-individual-styles\" data-borlabs-cookie-content-blocker-id=\"google-maps\" data-borlabs-cookie-content=\"PGlmcmFtZSBzdHlsZT0iYm9yZGVyOiAwOyIgc3JjPSJodHRwczovL3d3dy5nb29nbGUuY29tL21hcHMvZW1iZWQ\/cGI9ITFtMCEzbTIhMXNkZSEyc2RlITR2MTQ3MDM4NTk0ODk3NCE2bTghMW03ITFzRiUzQS1fTGk0MTZJNW0xdyUyRlZ4NDA0d3RVMHVJJTJGQUFBQUFBQUFBd00lMkZNSkJnUDVGTUJ3MERpNjNXOHBoV3BTc2V2QzZjQThBTkFDTElCITJtMiExZDM5LjY4NDIwNzQhMmQyLjQ5ODMwMzQhM2Y1NC4wNDc4MjQyNzc5NDI1NDYhNGYxLjY4Mzg5MTk4NTg5NzIxOSE1ZjEuMDM2NjE4ODYzNjcyMzQ4IiB3aWR0aD0iMTAwJSIgaGVpZ2h0PSIzMDAiIGZyYW1lYm9yZGVyPSIwIiBhbGxvd2Z1bGxzY3JlZW49ImFsbG93ZnVsbHNjcmVlbiI+PC9pZnJhbWU+\"><div class=\"brlbs-cmpnt-cb-preset-b brlbs-cmpnt-cb-google-maps\"> <div class=\"brlbs-cmpnt-cb-thumbnail\" style=\"background-image: url('https:\/\/www.las-islas-reisen.de\/magazin\/wp-content\/uploads\/borlabs-cookie\/1\/brlbs-cb-google-maps-main.png')\"><\/div> <div class=\"brlbs-cmpnt-cb-main\"> <div class=\"brlbs-cmpnt-cb-content\"> <p class=\"brlbs-cmpnt-cb-description\">Sie sehen gerade einen Platzhalterinhalt von <strong>Google Maps<\/strong>. Um auf den eigentlichen Inhalt zuzugreifen, klicken Sie auf die Schaltfl\u00e4che unten. Bitte beachten Sie, dass dabei Daten an Drittanbieter weitergegeben werden.<\/p> <a class=\"brlbs-cmpnt-cb-provider-toggle\" href=\"#\" data-borlabs-cookie-show-provider-information role=\"button\">Mehr Informationen<\/a> <\/div> <div class=\"brlbs-cmpnt-cb-buttons\"> <a class=\"brlbs-cmpnt-cb-btn\" href=\"#\" data-borlabs-cookie-unblock role=\"button\">Inhalt entsperren<\/a> <a class=\"brlbs-cmpnt-cb-btn\" href=\"#\" data-borlabs-cookie-accept-service role=\"button\" style=\"display: inherit\">Erforderlichen Service akzeptieren und Inhalte entsperren<\/a> <\/div> <\/div> <\/div><\/div><\/p>\n\n\n\n<p>Auch an der Westk\u00fcste, wie auf Cap Formentor, erheben sich auf den Felsenh\u00f6hen die Talaies, die runden Wehrt\u00fcrme aus dem 16. Jahrhundert. Um viele von ihnen hat sich im 19. Jahrhundert der Mallorca-Liebhaber Erzherzog Ludwig Salvator verdient gemacht. So auch um den Mirador de Ses Animes, heute auch <strong>Mirador Torre del Verger<\/strong> genannt. Der gut erhaltene Turm ragt zwischen Estellencs und Banyalbufar auf. Sie k\u00f6nnen ihn von innen auf einer Eisenleiter besteigen und genie\u00dfen dann eine fantastische Aussicht \u00fcber die Nordk\u00fcste und jene h\u00e4ngenden G\u00e4rten von Banyalbufar, terrassenf\u00f6rmige Wein- und Olivenkulturen, die der Steilk\u00fcste m\u00fchselig abgewonnen worden sind.<\/p>\n\n\n\n<h3 class=\"wp-block-heading\">Son Marroig<\/h3>\n\n\n\n<p> <div class=\"brlbs-cmpnt-container brlbs-cmpnt-content-blocker brlbs-cmpnt-with-individual-styles\" data-borlabs-cookie-content-blocker-id=\"google-maps\" data-borlabs-cookie-content=\"PGlmcmFtZSBzdHlsZT0iYm9yZGVyOiAwOyIgc3JjPSJodHRwczovL3d3dy5nb29nbGUuY29tL21hcHMvZW1iZWQ\/cGI9ITFtMCEzbTIhMXNkZSEyc2RlITR2MTQ3MDM4NTgwMzgyMCE2bTghMW03ITFzRiUzQS1ONTExa0xSTUE0NCUyRlY0dVBuSlRQT2VJJTJGQUFBQUFBQUFBQ2slMkZJZFN6ekMyTUp3NFdCZ0t2MkJoNjhnZUFYLVRMdVVBbGdDTElCITJtMiExZDM5Ljc1MDg2MzUhMmQyLjYyODkyODQhM2YyNDcuNTIyNzkwNTk4OTgyNTchNGYyLjc5MDE5NDUxOTE2NDM4NzUhNWYwLjc4MjA4NjU5NzQ2Mjc0NjkiIHdpZHRoPSIxMDAlIiBoZWlnaHQ9IjMwMCIgZnJhbWVib3JkZXI9IjAiIGFsbG93ZnVsbHNjcmVlbj0iYWxsb3dmdWxsc2NyZWVuIj48L2lmcmFtZT4=\"><div class=\"brlbs-cmpnt-cb-preset-b brlbs-cmpnt-cb-google-maps\"> <div class=\"brlbs-cmpnt-cb-thumbnail\" style=\"background-image: url('https:\/\/www.las-islas-reisen.de\/magazin\/wp-content\/uploads\/borlabs-cookie\/1\/brlbs-cb-google-maps-main.png')\"><\/div> <div class=\"brlbs-cmpnt-cb-main\"> <div class=\"brlbs-cmpnt-cb-content\"> <p class=\"brlbs-cmpnt-cb-description\">Sie sehen gerade einen Platzhalterinhalt von <strong>Google Maps<\/strong>. Um auf den eigentlichen Inhalt zuzugreifen, klicken Sie auf die Schaltfl\u00e4che unten. Bitte beachten Sie, dass dabei Daten an Drittanbieter weitergegeben werden.<\/p> <a class=\"brlbs-cmpnt-cb-provider-toggle\" href=\"#\" data-borlabs-cookie-show-provider-information role=\"button\">Mehr Informationen<\/a> <\/div> <div class=\"brlbs-cmpnt-cb-buttons\"> <a class=\"brlbs-cmpnt-cb-btn\" href=\"#\" data-borlabs-cookie-unblock role=\"button\">Inhalt entsperren<\/a> <a class=\"brlbs-cmpnt-cb-btn\" href=\"#\" data-borlabs-cookie-accept-service role=\"button\" style=\"display: inherit\">Erforderlichen Service akzeptieren und Inhalte entsperren<\/a> <\/div> <\/div> <\/div><\/div><\/p>\n\n\n\n<p>Der wahre K\u00f6nig von Mallorca hei\u00dft Ludwig Salvatore. \u00dcber 40 Jahre lebte der Habsburger auf der Insel, gr\u00fcndete zwischen <a href=\"https:\/\/www.las-islas-reisen.de\/mallorca\/valldemossa.php\" target=\"_blank\" rel=\"noopener noreferrer\">Valldemossa<\/a> und Deia das F\u00fcrstentum Miramar und verfasste B\u00fccher und wissenschaftliche Abhandlungen \u00fcber die Balearen. Auf der C-710 Richtung Deya fahrend, erreichen Sie Ludwig Salvatores Landgut Son Marroig. Ein preiswertes Museumsticket berechtigt zum Schlendern durch das kleine Anwesen. Vom Marmor-Pavillon im Garten aus haben Sie einen <strong>tollen Blick aufs Meer<\/strong> und den ber\u00fchmten Lochfelsen Na Foradada. Im Landsitz selbst gibt es eine wunderbare Panoramaterrasse &#8211; ein Ort, an dem man versteht, dass Salvatore sich das sch\u00f6nste Exil der Welt ausw\u00e4hlt hatte.<\/p>\n\n\n\n<h3 class=\"wp-block-heading\">Puig de Maria<\/h3>\n\n\n\n<p> <div class=\"brlbs-cmpnt-container brlbs-cmpnt-content-blocker brlbs-cmpnt-with-individual-styles\" data-borlabs-cookie-content-blocker-id=\"google-maps\" data-borlabs-cookie-content=\"PGlmcmFtZSBzdHlsZT0iYm9yZGVyOiAwOyIgc3JjPSJodHRwczovL3d3dy5nb29nbGUuY29tL21hcHMvZW1iZWQ\/cGI9ITFtMCEzbTIhMXNkZSEyc2RlITR2MTQ3MDM4NzU4NjA1OSE2bTghMW03ITFzRiUzQS1sVEV2dlBVRnFQUSUyRlUwdTBvQzhWRVhJJTJGQUFBQUFBQUItOEklMkZIYW9NQ1J1ZlN5czFwbXJvMDhpeGVHdFRYaVJpRHV4WXchMm0yITFkMzkuODcwMDQzODg4ODgxMzghMmQzLjAyMjcwMTk0NDQ0NDQwNyEzZjExOS41MzczMzYwOTU3NTI5OCE0Zi0xLjE5ODUzMjg0MTIwNTQyMDEhNWYwLjc4MjA4NjU5NzQ2Mjc0NjkiIHdpZHRoPSIxMDAlIiBoZWlnaHQ9IjMwMCIgZnJhbWVib3JkZXI9IjAiIGFsbG93ZnVsbHNjcmVlbj0iYWxsb3dmdWxsc2NyZWVuIj48L2lmcmFtZT4=\"><div class=\"brlbs-cmpnt-cb-preset-b brlbs-cmpnt-cb-google-maps\"> <div class=\"brlbs-cmpnt-cb-thumbnail\" style=\"background-image: url('https:\/\/www.las-islas-reisen.de\/magazin\/wp-content\/uploads\/borlabs-cookie\/1\/brlbs-cb-google-maps-main.png')\"><\/div> <div class=\"brlbs-cmpnt-cb-main\"> <div class=\"brlbs-cmpnt-cb-content\"> <p class=\"brlbs-cmpnt-cb-description\">Sie sehen gerade einen Platzhalterinhalt von <strong>Google Maps<\/strong>. Um auf den eigentlichen Inhalt zuzugreifen, klicken Sie auf die Schaltfl\u00e4che unten. Bitte beachten Sie, dass dabei Daten an Drittanbieter weitergegeben werden.<\/p> <a class=\"brlbs-cmpnt-cb-provider-toggle\" href=\"#\" data-borlabs-cookie-show-provider-information role=\"button\">Mehr Informationen<\/a> <\/div> <div class=\"brlbs-cmpnt-cb-buttons\"> <a class=\"brlbs-cmpnt-cb-btn\" href=\"#\" data-borlabs-cookie-unblock role=\"button\">Inhalt entsperren<\/a> <a class=\"brlbs-cmpnt-cb-btn\" href=\"#\" data-borlabs-cookie-accept-service role=\"button\" style=\"display: inherit\">Erforderlichen Service akzeptieren und Inhalte entsperren<\/a> <\/div> <\/div> <\/div><\/div><\/p>\n\n\n\n<p>Im <a href=\"https:\/\/www.las-islas-reisen.de\/mallorca\/mallorca-norden.php\" target=\"_blank\" rel=\"noopener noreferrer\">Norden<\/a> der Serra de Tramuntana, s\u00fcdlich von Pollensa, steht ein 333 Meter hoher Berg. Dort ereignete sich im 14. Jahrhundert folgende Geschichte: Die Pollensaner sahen oben ein seltsames Licht gl\u00fchen, stiegen hinauf und fanden eine uralte Mariastatue. Sie wollten sie in ihre Kirche tragen, aber der Stein wurde mit jedem Schritt schwerer. Also blieb die Maria oben, in einem eigens gebauten Kloster mit m\u00e4chtigem Wehrturm. Heute pilgern die Touristen dorthin, denn der Puig de Maria ist <strong>ein ber\u00fchmter Aussichtspunkt<\/strong>. Der Blick \u00fcber das uralte St\u00e4dtchen <a href=\"https:\/\/www.las-islas-reisen.de\/mallorca\/pollensa.php\" target=\"_blank\" rel=\"noopener noreferrer\">Pollensa<\/a> und die Gebirgsz\u00fcge der Serra de Tramuntana ist fantastisch. Puig de Maria kann von Pollensa aus in zwei Stunden erwandert werden.<\/p>\n\n\n\n<h3 class=\"wp-block-heading\">Castell de Bellver<\/h3>\n\n\n\n<p> <div class=\"brlbs-cmpnt-container brlbs-cmpnt-content-blocker brlbs-cmpnt-with-individual-styles\" data-borlabs-cookie-content-blocker-id=\"google-maps\" data-borlabs-cookie-content=\"PGlmcmFtZSBzdHlsZT0iYm9yZGVyOiAwOyIgc3JjPSJodHRwczovL3d3dy5nb29nbGUuY29tL21hcHMvZW1iZWQ\/cGI9ITFtMCEzbTIhMXNkZSEyc2RlITR2MTQ3MDM4Nzc0MDMyMSE2bTghMW03ITFzRiUzQS1EU2NidTkyODg1dyUyRlZaR2RaMFJJelRJJTJGQUFBQUFBQUFEU1ElMkYyWDZiUDMtUDBCb3pjQzREYl9NT1FXZlpFc2c0X1lLSlFDTElCITJtMiExZDM5LjU2MzU4MzchMmQyLjYxOTM0NzghM2Y3LjcxNDIxMzc4NjQ4ODMwMSE0Zi0yLjQxNTc3NDYyMzQyNzU1MiE1ZjAuNzgyMDg2NTk3NDYyNzQ2OSIgd2lkdGg9IjEwMCUiIGhlaWdodD0iMzAwIiBmcmFtZWJvcmRlcj0iMCIgYWxsb3dmdWxsc2NyZWVuPSJhbGxvd2Z1bGxzY3JlZW4iPjwvaWZyYW1lPg==\"><div class=\"brlbs-cmpnt-cb-preset-b brlbs-cmpnt-cb-google-maps\"> <div class=\"brlbs-cmpnt-cb-thumbnail\" style=\"background-image: url('https:\/\/www.las-islas-reisen.de\/magazin\/wp-content\/uploads\/borlabs-cookie\/1\/brlbs-cb-google-maps-main.png')\"><\/div> <div class=\"brlbs-cmpnt-cb-main\"> <div class=\"brlbs-cmpnt-cb-content\"> <p class=\"brlbs-cmpnt-cb-description\">Sie sehen gerade einen Platzhalterinhalt von <strong>Google Maps<\/strong>. Um auf den eigentlichen Inhalt zuzugreifen, klicken Sie auf die Schaltfl\u00e4che unten. Bitte beachten Sie, dass dabei Daten an Drittanbieter weitergegeben werden.<\/p> <a class=\"brlbs-cmpnt-cb-provider-toggle\" href=\"#\" data-borlabs-cookie-show-provider-information role=\"button\">Mehr Informationen<\/a> <\/div> <div class=\"brlbs-cmpnt-cb-buttons\"> <a class=\"brlbs-cmpnt-cb-btn\" href=\"#\" data-borlabs-cookie-unblock role=\"button\">Inhalt entsperren<\/a> <a class=\"brlbs-cmpnt-cb-btn\" href=\"#\" data-borlabs-cookie-accept-service role=\"button\" style=\"display: inherit\">Erforderlichen Service akzeptieren und Inhalte entsperren<\/a> <\/div> <\/div> <\/div><\/div><\/p>\n\n\n\n<p>Warum in die Ferne schweifen, wenn das Gute oft ganz in der N\u00e4he liegt? Diese klassische Weisheit l\u00e4sst sich auf Castell de Bellver anwenden, Mallorcas einzigem <strong>Rundschloss<\/strong> zu H\u00e4upten der Inselhauptstadt. Es stammt aus dem 14. Jahrhundert und liegt auf 112 Metern H\u00f6he. Sie erreichen es bequem mit Auto oder Bus. Das Schloss Zur Sch\u00f6nen Aussicht besitzt einen wundersch\u00f6nen Innenhof mit zweigeschossigem Bogengang und nat\u00fcrlich ganz viel Panorama. Nirgendwo sonst haben Sie einen so umfassenden Blick \u00fcber die Metropole Mallorcas.<\/p>\n\n\n\n<h3 class=\"wp-block-heading\">Weitere Aussichtspunkte<\/h3>\n\n\n\n<ul class=\"wp-block-list\">\n<li>Der <a href=\"https:\/\/www.google.de\/maps\/place\/Mirador+de+ses+Barques,+07109+Fornalutx,+Illes+Balears,+Spanien\/@39.7910407,2.7247223,3a,75y,11.14h,79.88t\/data=!3m8!1e1!3m6!1s-JKJiC6Rlv2M%2FVSLmHJx6roI%2FAAAAAAAAWnE%2FGq5zJE1fJ34CVmWI8cOmRnLp1EOoknwBw!2e4!3e11!6s%2F%2Flh6.googleusercontent.com%2F-JKJiC6Rlv2M%2FVSLmHJx6roI%2FAAAAAAAAWnE%2FGq5zJE1fJ34CVmWI8cOmRnLp1EOoknwBw%2Fw203-h101-n-k-no%2F!7i6000!8i3000!4m5!3m4!1s0x1297e62430791419:0x9fa34a4701db7a18!8m2!3d39.790789!4d2.725124\" target=\"_blank\" rel=\"noopener noreferrer\">Mirador de ses Barques<\/a> bietet eine gro\u00dfartige Aussicht auf Port de Soller.<\/li>\n\n\n\n<li>Vom Aussichtspunkt Escorca (Esgl\u00e8sia de Sant Llorenc) hat man einen herrlichen Blick auf die Cala Tuent.<\/li>\n\n\n\n<li>Der Kalvarienberg bei Pollensa bietet ebenfalls einen traumhaften Blick auf den Ort und die Umgebung.<\/li>\n\n\n\n<li>Der 509 Meter hohe Berg Puig de Sant Salvador bietet ein tolles Panorama auf den S\u00fcdosten der Insel.<\/li>\n\n\n\n<li>Vom Castell d&#8217;Alar\u00f3, welches sich auf dem 821m hohen Puig d&#8217;Alar\u00f3 befindet, kann man die Bergkulisse der Serra de Tramunta genie\u00dfen.<\/li>\n<\/ul>\n\n\n\n<blockquote class=\"wp-block-quote is-layout-flow wp-block-quote-is-layout-flow\">\n<p>Die beschriebenen Miradore stellen nur eine kleine Auswahl der magischen Fernblicke dar. Die Insel mit ihren steilen K\u00fcstenabschnitte scheint wie eigens f\u00fcr Panoramaausblicke geschaffen worden zu sein. Ob der 509 Meter hohe Santuari de Sant Salvador bei Felanitx, ob der Mirador de ses Barques mit seiner Aussicht auf den Port de S\u00f3ller &#8211; Sie k\u00f6nnen der Liste in eigenen Wanderungen und Fahrten beliebig viele luftige Lieblingsorte hinzuf\u00fcgen. Und am Ende Ihrer Touren g\u00f6nnen Sie sich Entspannung am Strand. Mallorca ist Abwechslung pur.<\/p>\n<\/blockquote>\n","protected":false},"excerpt":{"rendered":"<p>Mallorca ist die Insel der sch\u00f6nen Aussichten. Denn sie schenkt ihren Besuchern nicht nur einige der traumhaftesten Str\u00e4nde und Buchten der Welt; auf der gr\u00f6\u00dften Insel der Balearen f\u00fchlen sich auch Wanderer und Liebhaber des Gebirges wohl. Allein in der Serra de Tramuntana stehen elf Gipfel mit \u00fcber 1000 Meter H\u00f6he. Dramatische Steilk\u00fcsten laden zu&#8230;<\/p>\n","protected":false},"author":1,"featured_media":1929,"comment_status":"open","ping_status":"open","sticky":false,"template":"","format":"standard","meta":{"_lmt_disableupdate":"","_lmt_disable":"","_kad_post_transparent":"","_kad_post_title":"","_kad_post_layout":"","_kad_post_sidebar_id":"","_kad_post_content_style":"","_kad_post_vertical_padding":"","_kad_post_feature":"","_kad_post_feature_position":"","_kad_post_header":false,"_kad_post_footer":false,"_kad_post_classname":"","footnotes":""},"categories":[3],"tags":[],"class_list":["post-1826","post","type-post","status-publish","format-standard","has-post-thumbnail","hentry","category-ausflugsziele"],"yoast_head":"<!-- This site is optimized with the Yoast SEO plugin v27.2 - https:\/\/yoast.com\/product\/yoast-seo-wordpress\/ -->\n<title>\u1405 Die sch\u00f6nsten Aussichtspunkte auf Mallorca<\/title>\n<meta name=\"description\" content=\"Mallorca ist die Insel der sch\u00f6nen Aussichten. Denn sie schenkt ihren Besuchern nicht nur einige der traumhaftesten Str\u00e4nde und Buchten der Welt; auf der\" \/>\n<meta name=\"robots\" content=\"index, follow, max-snippet:-1, max-image-preview:large, max-video-preview:-1\" \/>\n<link rel=\"canonical\" href=\"https:\/\/www.las-islas-reisen.de\/magazin\/aussichtspunkte-auf-mallorca\/\" \/>\n<meta name=\"twitter:label1\" content=\"Verfasst von\" \/>\n\t<meta name=\"twitter:data1\" content=\"Las Islas Reisen\" \/>\n\t<meta name=\"twitter:label2\" content=\"Gesch\u00e4tzte Lesezeit\" \/>\n\t<meta name=\"twitter:data2\" content=\"6\u00a0Minuten\" \/>\n<script type=\"application\/ld+json\" class=\"yoast-schema-graph\">{\"@context\":\"https:\/\/schema.org\",\"@graph\":[{\"@type\":\"Article\",\"@id\":\"https:\/\/www.las-islas-reisen.de\/magazin\/aussichtspunkte-auf-mallorca\/#article\",\"isPartOf\":{\"@id\":\"https:\/\/www.las-islas-reisen.de\/magazin\/aussichtspunkte-auf-mallorca\/\"},\"author\":{\"name\":\"Las Islas Reisen\",\"@id\":\"https:\/\/www.las-islas-reisen.de\/magazin\/#\/schema\/person\/3518c9096bde8c3b0c3c5175ddda68f1\"},\"headline\":\"Die sch\u00f6nsten Aussichtspunkte auf Mallorca\",\"datePublished\":\"2016-08-05T09:08:52+00:00\",\"dateModified\":\"2026-03-12T09:11:03+00:00\",\"mainEntityOfPage\":{\"@id\":\"https:\/\/www.las-islas-reisen.de\/magazin\/aussichtspunkte-auf-mallorca\/\"},\"wordCount\":1147,\"commentCount\":0,\"publisher\":{\"@id\":\"https:\/\/www.las-islas-reisen.de\/magazin\/#organization\"},\"image\":{\"@id\":\"https:\/\/www.las-islas-reisen.de\/magazin\/aussichtspunkte-auf-mallorca\/#primaryimage\"},\"thumbnailUrl\":\"https:\/\/www.las-islas-reisen.de\/magazin\/wp-content\/uploads\/2016\/08\/santuari-de-sant-salvador.jpg\",\"articleSection\":[\"Ausflugsziele\"],\"inLanguage\":\"de\",\"potentialAction\":[{\"@type\":\"CommentAction\",\"name\":\"Comment\",\"target\":[\"https:\/\/www.las-islas-reisen.de\/magazin\/aussichtspunkte-auf-mallorca\/#respond\"]}]},{\"@type\":\"WebPage\",\"@id\":\"https:\/\/www.las-islas-reisen.de\/magazin\/aussichtspunkte-auf-mallorca\/\",\"url\":\"https:\/\/www.las-islas-reisen.de\/magazin\/aussichtspunkte-auf-mallorca\/\",\"name\":\"\u1405 Die sch\u00f6nsten Aussichtspunkte auf Mallorca\",\"isPartOf\":{\"@id\":\"https:\/\/www.las-islas-reisen.de\/magazin\/#website\"},\"primaryImageOfPage\":{\"@id\":\"https:\/\/www.las-islas-reisen.de\/magazin\/aussichtspunkte-auf-mallorca\/#primaryimage\"},\"image\":{\"@id\":\"https:\/\/www.las-islas-reisen.de\/magazin\/aussichtspunkte-auf-mallorca\/#primaryimage\"},\"thumbnailUrl\":\"https:\/\/www.las-islas-reisen.de\/magazin\/wp-content\/uploads\/2016\/08\/santuari-de-sant-salvador.jpg\",\"datePublished\":\"2016-08-05T09:08:52+00:00\",\"dateModified\":\"2026-03-12T09:11:03+00:00\",\"description\":\"Mallorca ist die Insel der sch\u00f6nen Aussichten. Denn sie schenkt ihren Besuchern nicht nur einige der traumhaftesten Str\u00e4nde und Buchten der Welt; auf der\",\"breadcrumb\":{\"@id\":\"https:\/\/www.las-islas-reisen.de\/magazin\/aussichtspunkte-auf-mallorca\/#breadcrumb\"},\"inLanguage\":\"de\",\"potentialAction\":[{\"@type\":\"ReadAction\",\"target\":[\"https:\/\/www.las-islas-reisen.de\/magazin\/aussichtspunkte-auf-mallorca\/\"]}]},{\"@type\":\"ImageObject\",\"inLanguage\":\"de\",\"@id\":\"https:\/\/www.las-islas-reisen.de\/magazin\/aussichtspunkte-auf-mallorca\/#primaryimage\",\"url\":\"https:\/\/www.las-islas-reisen.de\/magazin\/wp-content\/uploads\/2016\/08\/santuari-de-sant-salvador.jpg\",\"contentUrl\":\"https:\/\/www.las-islas-reisen.de\/magazin\/wp-content\/uploads\/2016\/08\/santuari-de-sant-salvador.jpg\",\"width\":670,\"height\":389,\"caption\":\"Santuari de Sant Salvador\"},{\"@type\":\"BreadcrumbList\",\"@id\":\"https:\/\/www.las-islas-reisen.de\/magazin\/aussichtspunkte-auf-mallorca\/#breadcrumb\",\"itemListElement\":[{\"@type\":\"ListItem\",\"position\":1,\"name\":\"Home\",\"item\":\"https:\/\/www.las-islas-reisen.de\/magazin\/\"},{\"@type\":\"ListItem\",\"position\":2,\"name\":\"Die sch\u00f6nsten Aussichtspunkte auf Mallorca\"}]},{\"@type\":\"WebSite\",\"@id\":\"https:\/\/www.las-islas-reisen.de\/magazin\/#website\",\"url\":\"https:\/\/www.las-islas-reisen.de\/magazin\/\",\"name\":\"\",\"description\":\"\",\"publisher\":{\"@id\":\"https:\/\/www.las-islas-reisen.de\/magazin\/#organization\"},\"potentialAction\":[{\"@type\":\"SearchAction\",\"target\":{\"@type\":\"EntryPoint\",\"urlTemplate\":\"https:\/\/www.las-islas-reisen.de\/magazin\/?s={search_term_string}\"},\"query-input\":{\"@type\":\"PropertyValueSpecification\",\"valueRequired\":true,\"valueName\":\"search_term_string\"}}],\"inLanguage\":\"de\"},{\"@type\":\"Organization\",\"@id\":\"https:\/\/www.las-islas-reisen.de\/magazin\/#organization\",\"name\":\"Las Islas Reisen GmbH\",\"url\":\"https:\/\/www.las-islas-reisen.de\/magazin\/\",\"logo\":{\"@type\":\"ImageObject\",\"inLanguage\":\"de\",\"@id\":\"https:\/\/www.las-islas-reisen.de\/magazin\/#\/schema\/logo\/image\/\",\"url\":\"https:\/\/www.las-islas-reisen.de\/magazin\/wp-content\/uploads\/2015\/06\/logo6.jpg\",\"contentUrl\":\"https:\/\/www.las-islas-reisen.de\/magazin\/wp-content\/uploads\/2015\/06\/logo6.jpg\",\"width\":700,\"height\":700,\"caption\":\"Las Islas Reisen GmbH\"},\"image\":{\"@id\":\"https:\/\/www.las-islas-reisen.de\/magazin\/#\/schema\/logo\/image\/\"}},{\"@type\":\"Person\",\"@id\":\"https:\/\/www.las-islas-reisen.de\/magazin\/#\/schema\/person\/3518c9096bde8c3b0c3c5175ddda68f1\",\"name\":\"Las Islas Reisen\"}]}<\/script>\n<!-- \/ Yoast SEO plugin. -->","yoast_head_json":{"title":"\u1405 Die sch\u00f6nsten Aussichtspunkte auf Mallorca","description":"Mallorca ist die Insel der sch\u00f6nen Aussichten. Denn sie schenkt ihren Besuchern nicht nur einige der traumhaftesten Str\u00e4nde und Buchten der Welt; auf der","robots":{"index":"index","follow":"follow","max-snippet":"max-snippet:-1","max-image-preview":"max-image-preview:large","max-video-preview":"max-video-preview:-1"},"canonical":"https:\/\/www.las-islas-reisen.de\/magazin\/aussichtspunkte-auf-mallorca\/","twitter_misc":{"Verfasst von":"Las Islas Reisen","Gesch\u00e4tzte Lesezeit":"6\u00a0Minuten"},"schema":{"@context":"https:\/\/schema.org","@graph":[{"@type":"Article","@id":"https:\/\/www.las-islas-reisen.de\/magazin\/aussichtspunkte-auf-mallorca\/#article","isPartOf":{"@id":"https:\/\/www.las-islas-reisen.de\/magazin\/aussichtspunkte-auf-mallorca\/"},"author":{"name":"Las Islas Reisen","@id":"https:\/\/www.las-islas-reisen.de\/magazin\/#\/schema\/person\/3518c9096bde8c3b0c3c5175ddda68f1"},"headline":"Die sch\u00f6nsten Aussichtspunkte auf Mallorca","datePublished":"2016-08-05T09:08:52+00:00","dateModified":"2026-03-12T09:11:03+00:00","mainEntityOfPage":{"@id":"https:\/\/www.las-islas-reisen.de\/magazin\/aussichtspunkte-auf-mallorca\/"},"wordCount":1147,"commentCount":0,"publisher":{"@id":"https:\/\/www.las-islas-reisen.de\/magazin\/#organization"},"image":{"@id":"https:\/\/www.las-islas-reisen.de\/magazin\/aussichtspunkte-auf-mallorca\/#primaryimage"},"thumbnailUrl":"https:\/\/www.las-islas-reisen.de\/magazin\/wp-content\/uploads\/2016\/08\/santuari-de-sant-salvador.jpg","articleSection":["Ausflugsziele"],"inLanguage":"de","potentialAction":[{"@type":"CommentAction","name":"Comment","target":["https:\/\/www.las-islas-reisen.de\/magazin\/aussichtspunkte-auf-mallorca\/#respond"]}]},{"@type":"WebPage","@id":"https:\/\/www.las-islas-reisen.de\/magazin\/aussichtspunkte-auf-mallorca\/","url":"https:\/\/www.las-islas-reisen.de\/magazin\/aussichtspunkte-auf-mallorca\/","name":"\u1405 Die sch\u00f6nsten Aussichtspunkte auf Mallorca","isPartOf":{"@id":"https:\/\/www.las-islas-reisen.de\/magazin\/#website"},"primaryImageOfPage":{"@id":"https:\/\/www.las-islas-reisen.de\/magazin\/aussichtspunkte-auf-mallorca\/#primaryimage"},"image":{"@id":"https:\/\/www.las-islas-reisen.de\/magazin\/aussichtspunkte-auf-mallorca\/#primaryimage"},"thumbnailUrl":"https:\/\/www.las-islas-reisen.de\/magazin\/wp-content\/uploads\/2016\/08\/santuari-de-sant-salvador.jpg","datePublished":"2016-08-05T09:08:52+00:00","dateModified":"2026-03-12T09:11:03+00:00","description":"Mallorca ist die Insel der sch\u00f6nen Aussichten. Denn sie schenkt ihren Besuchern nicht nur einige der traumhaftesten Str\u00e4nde und Buchten der Welt; auf der","breadcrumb":{"@id":"https:\/\/www.las-islas-reisen.de\/magazin\/aussichtspunkte-auf-mallorca\/#breadcrumb"},"inLanguage":"de","potentialAction":[{"@type":"ReadAction","target":["https:\/\/www.las-islas-reisen.de\/magazin\/aussichtspunkte-auf-mallorca\/"]}]},{"@type":"ImageObject","inLanguage":"de","@id":"https:\/\/www.las-islas-reisen.de\/magazin\/aussichtspunkte-auf-mallorca\/#primaryimage","url":"https:\/\/www.las-islas-reisen.de\/magazin\/wp-content\/uploads\/2016\/08\/santuari-de-sant-salvador.jpg","contentUrl":"https:\/\/www.las-islas-reisen.de\/magazin\/wp-content\/uploads\/2016\/08\/santuari-de-sant-salvador.jpg","width":670,"height":389,"caption":"Santuari de Sant Salvador"},{"@type":"BreadcrumbList","@id":"https:\/\/www.las-islas-reisen.de\/magazin\/aussichtspunkte-auf-mallorca\/#breadcrumb","itemListElement":[{"@type":"ListItem","position":1,"name":"Home","item":"https:\/\/www.las-islas-reisen.de\/magazin\/"},{"@type":"ListItem","position":2,"name":"Die sch\u00f6nsten Aussichtspunkte auf Mallorca"}]},{"@type":"WebSite","@id":"https:\/\/www.las-islas-reisen.de\/magazin\/#website","url":"https:\/\/www.las-islas-reisen.de\/magazin\/","name":"","description":"","publisher":{"@id":"https:\/\/www.las-islas-reisen.de\/magazin\/#organization"},"potentialAction":[{"@type":"SearchAction","target":{"@type":"EntryPoint","urlTemplate":"https:\/\/www.las-islas-reisen.de\/magazin\/?s={search_term_string}"},"query-input":{"@type":"PropertyValueSpecification","valueRequired":true,"valueName":"search_term_string"}}],"inLanguage":"de"},{"@type":"Organization","@id":"https:\/\/www.las-islas-reisen.de\/magazin\/#organization","name":"Las Islas Reisen GmbH","url":"https:\/\/www.las-islas-reisen.de\/magazin\/","logo":{"@type":"ImageObject","inLanguage":"de","@id":"https:\/\/www.las-islas-reisen.de\/magazin\/#\/schema\/logo\/image\/","url":"https:\/\/www.las-islas-reisen.de\/magazin\/wp-content\/uploads\/2015\/06\/logo6.jpg","contentUrl":"https:\/\/www.las-islas-reisen.de\/magazin\/wp-content\/uploads\/2015\/06\/logo6.jpg","width":700,"height":700,"caption":"Las Islas Reisen GmbH"},"image":{"@id":"https:\/\/www.las-islas-reisen.de\/magazin\/#\/schema\/logo\/image\/"}},{"@type":"Person","@id":"https:\/\/www.las-islas-reisen.de\/magazin\/#\/schema\/person\/3518c9096bde8c3b0c3c5175ddda68f1","name":"Las Islas Reisen"}]}},"modified_by":"Las Islas Reisen","_links":{"self":[{"href":"https:\/\/www.las-islas-reisen.de\/magazin\/wp-json\/wp\/v2\/posts\/1826","targetHints":{"allow":["GET"]}}],"collection":[{"href":"https:\/\/www.las-islas-reisen.de\/magazin\/wp-json\/wp\/v2\/posts"}],"about":[{"href":"https:\/\/www.las-islas-reisen.de\/magazin\/wp-json\/wp\/v2\/types\/post"}],"author":[{"embeddable":true,"href":"https:\/\/www.las-islas-reisen.de\/magazin\/wp-json\/wp\/v2\/users\/1"}],"replies":[{"embeddable":true,"href":"https:\/\/www.las-islas-reisen.de\/magazin\/wp-json\/wp\/v2\/comments?post=1826"}],"version-history":[{"count":1,"href":"https:\/\/www.las-islas-reisen.de\/magazin\/wp-json\/wp\/v2\/posts\/1826\/revisions"}],"predecessor-version":[{"id":3265,"href":"https:\/\/www.las-islas-reisen.de\/magazin\/wp-json\/wp\/v2\/posts\/1826\/revisions\/3265"}],"wp:featuredmedia":[{"embeddable":true,"href":"https:\/\/www.las-islas-reisen.de\/magazin\/wp-json\/wp\/v2\/media\/1929"}],"wp:attachment":[{"href":"https:\/\/www.las-islas-reisen.de\/magazin\/wp-json\/wp\/v2\/media?parent=1826"}],"wp:term":[{"taxonomy":"category","embeddable":true,"href":"https:\/\/www.las-islas-reisen.de\/magazin\/wp-json\/wp\/v2\/categories?post=1826"},{"taxonomy":"post_tag","embeddable":true,"href":"https:\/\/www.las-islas-reisen.de\/magazin\/wp-json\/wp\/v2\/tags?post=1826"}],"curies":[{"name":"wp","href":"https:\/\/api.w.org\/{rel}","templated":true}]}}