{"id":2035,"date":"2017-01-31T19:00:52","date_gmt":"2017-01-31T18:00:52","guid":{"rendered":"https:\/\/www.las-islas-reisen.de\/magazin\/?p=2035"},"modified":"2022-07-22T11:23:38","modified_gmt":"2022-07-22T09:23:38","slug":"instagram-mallorca","status":"publish","type":"post","link":"https:\/\/www.las-islas-reisen.de\/magazin\/instagram-mallorca\/","title":{"rendered":"Instagram: 10 Accounts, denen Mallorca-Fans folgen sollten"},"content":{"rendered":"\n<p>Da wir selbst unter <a href=\"https:\/\/www.instagram.com\/lasislasreisen\/\">@lasislasreisen<\/a> bei Instagram aktiv sind und st\u00e4ndig nach au\u00dfergew\u00f6hnlich sch\u00f6nen Mallorca-Fotos st\u00f6bern, haben wir hier f\u00fcr euch unsere Top-10 der besten Mallorca-Instagram-Accounts zusammengetragen.<\/p>\n\n\n\n<p><strong>1. @marco.richter_photography<\/strong><\/p>\n\n\n\n<p>Profil: <a href=\"https:\/\/www.instagram.com\/nomad.photographer_\/\" target=\"_blank\" rel=\"noreferrer noopener\">https:\/\/www.instagram.com\/nomad.photographer_\/<\/a><\/p>\n\n\n\n<p><strong>2. @j4um3<\/strong><\/p>\n\n\n\n<p>Profil: <a href=\"https:\/\/www.instagram.com\/j4um3\/\" target=\"_blank\" rel=\"noreferrer noopener\">https:\/\/www.instagram.com\/j4um3\/<\/a><\/p>\n\n\n\n<p><script async=\"\" defer=\"\" src=\"\/\/platform.instagram.com\/en_US\/embeds.js\"><\/script><\/p>\n\n\n\n<p><strong>3. @rbalaguer2<\/strong><\/p>\n\n\n\n<p>Profil: <a href=\"https:\/\/www.instagram.com\/rbalaguer2\/\" target=\"_blank\" rel=\"noreferrer noopener\">https:\/\/www.instagram.com\/rbalaguer2\/<\/a><\/p>\n\n\n\n<p><script async=\"\" defer=\"\" src=\"\/\/platform.instagram.com\/en_US\/embeds.js\"><\/script><\/p>\n\n\n\n<p><strong>4. @mallorcasunset<\/strong><\/p>\n\n\n\n<p>Profil: <a href=\"https:\/\/www.instagram.com\/mallorcasunset\/\" target=\"_blank\" rel=\"noreferrer noopener\">https:\/\/www.instagram.com\/mallorcasunset\/<\/a><\/p>\n\n\n\n<p><\/p>\n\n\n\n<p><strong>5. @_mdlh_<\/strong><\/p>\n\n\n\n<p>Profil: <a href=\"https:\/\/www.instagram.com\/_mdlh_\/\" target=\"_blank\" rel=\"noreferrer noopener\">https:\/\/www.instagram.com\/_mdlh_\/<\/a><\/p>\n\n\n\n<p><script async=\"\" defer=\"\" src=\"\/\/platform.instagram.com\/en_US\/embeds.js\"><\/script><\/p>\n\n\n\n<p><strong>6. @marilenamm<\/strong><\/p>\n\n\n\n<p>Profil: <a href=\"https:\/\/www.instagram.com\/marilenamm\/\" target=\"_blank\" rel=\"noreferrer noopener\">https:\/\/www.instagram.com\/marilenamm\/<\/a><\/p>\n\n\n\n<p><script async=\"\" defer=\"\" src=\"\/\/platform.instagram.com\/en_US\/embeds.js\"><\/script><\/p>\n\n\n\n<p><strong>7. @vilou2.0<\/strong><\/p>\n\n\n\n<p>Profil: <a href=\"https:\/\/www.instagram.com\/vilou2.0\/\" target=\"_blank\" rel=\"noreferrer noopener\">https:\/\/www.instagram.com\/vilou2.0\/<\/a><\/p>\n\n\n\n<p><script async=\"\" defer=\"\" src=\"\/\/platform.instagram.com\/en_US\/embeds.js\"><\/script><\/p>\n\n\n\n<p><strong>8. @pedro_payeras<\/strong><\/p>\n\n\n\n<p>Profil: <a href=\"https:\/\/www.instagram.com\/pedro_payeras\/\" target=\"_blank\" rel=\"noreferrer noopener\">https:\/\/www.instagram.com\/pedro_payeras\/<\/a><\/p>\n\n\n\n<p><script async=\"\" defer=\"\" src=\"\/\/platform.instagram.com\/en_US\/embeds.js\"><\/script><\/p>\n\n\n\n<p><strong>9. @lifestyle_mallorca<\/strong><\/p>\n\n\n\n<p>Profil: <a href=\"https:\/\/www.instagram.com\/lifestyle_mallorca\/\" target=\"_blank\" rel=\"noreferrer noopener\">https:\/\/www.instagram.com\/lifestyle_mallorca\/<\/a><\/p>\n\n\n\n<p><script async=\"\" defer=\"\" src=\"\/\/platform.instagram.com\/en_US\/embeds.js\"><\/script><\/p>\n\n\n\n<p><strong>10. @stevecaptures<\/strong><\/p>\n\n\n\n<p>Profil: <a href=\"https:\/\/www.instagram.com\/stevecaptures\/\" target=\"_blank\" rel=\"noreferrer noopener\" aria-label=\"https:\/\/www.instagram.com\/stevecaptures\/ (\u00f6ffnet in neuem Tab)\">https:\/\/www.instagram.com\/stevecaptures\/<\/a><\/p>\n\n\n\n<p><script async=\"\" defer=\"\" src=\"\/\/platform.instagram.com\/en_US\/embeds.js\"><\/script><\/p>\n","protected":false},"excerpt":{"rendered":"<p>Da wir selbst unter @lasislasreisen bei Instagram aktiv sind und st\u00e4ndig nach au\u00dfergew\u00f6hnlich sch\u00f6nen Mallorca-Fotos st\u00f6bern, haben wir hier f\u00fcr euch unsere Top-10 der besten Mallorca-Instagram-Accounts zusammengetragen. 1. @marco.richter_photography Profil: https:\/\/www.instagram.com\/nomad.photographer_\/ 2. @j4um3 Profil: https:\/\/www.instagram.com\/j4um3\/ 3. @rbalaguer2 Profil: https:\/\/www.instagram.com\/rbalaguer2\/ 4. @mallorcasunset Profil: https:\/\/www.instagram.com\/mallorcasunset\/ 5. @_mdlh_ Profil: https:\/\/www.instagram.com\/_mdlh_\/ 6. @marilenamm Profil: https:\/\/www.instagram.com\/marilenamm\/ 7. @vilou2.0 Profil: https:\/\/www.instagram.com\/vilou2.0\/&#8230;<\/p>\n","protected":false},"author":1,"featured_media":2060,"comment_status":"open","ping_status":"open","sticky":false,"template":"","format":"standard","meta":{"_lmt_disableupdate":"","_lmt_disable":"","_kad_post_transparent":"","_kad_post_title":"","_kad_post_layout":"","_kad_post_sidebar_id":"","_kad_post_content_style":"","_kad_post_vertical_padding":"","_kad_post_feature":"","_kad_post_feature_position":"","_kad_post_header":false,"_kad_post_footer":false,"_kad_post_classname":"","footnotes":""},"categories":[21],"tags":[],"class_list":["post-2035","post","type-post","status-publish","format-standard","has-post-thumbnail","hentry","category-gut-zu-wissen"],"yoast_head":"<!-- This site is optimized with the Yoast SEO plugin v27.2 - https:\/\/yoast.com\/product\/yoast-seo-wordpress\/ -->\n<title>\u1405 Die 10 besten Instagram-Accounts f\u00fcr Mallorca-Fans<\/title>\n<meta name=\"description\" content=\"Da wir selbst unter @lasislasreisen bei Instagram aktiv sind und st\u00e4ndig nach au\u00dfergew\u00f6hnlich sch\u00f6nen Mallorca-Fotos st\u00f6bern, haben wir hier f\u00fcr euch\" \/>\n<meta name=\"robots\" content=\"index, follow, max-snippet:-1, max-image-preview:large, max-video-preview:-1\" \/>\n<link rel=\"canonical\" href=\"https:\/\/www.las-islas-reisen.de\/magazin\/instagram-mallorca\/\" \/>\n<meta name=\"twitter:label1\" content=\"Verfasst von\" \/>\n\t<meta name=\"twitter:data1\" content=\"Las Islas Reisen\" \/>\n\t<meta name=\"twitter:label2\" content=\"Gesch\u00e4tzte Lesezeit\" \/>\n\t<meta name=\"twitter:data2\" content=\"1\u00a0Minute\" \/>\n<script type=\"application\/ld+json\" class=\"yoast-schema-graph\">{\"@context\":\"https:\/\/schema.org\",\"@graph\":[{\"@type\":\"Article\",\"@id\":\"https:\/\/www.las-islas-reisen.de\/magazin\/instagram-mallorca\/#article\",\"isPartOf\":{\"@id\":\"https:\/\/www.las-islas-reisen.de\/magazin\/instagram-mallorca\/\"},\"author\":{\"name\":\"Las Islas Reisen\",\"@id\":\"https:\/\/www.las-islas-reisen.de\/magazin\/#\/schema\/person\/3518c9096bde8c3b0c3c5175ddda68f1\"},\"headline\":\"Instagram: 10 Accounts, denen Mallorca-Fans folgen sollten\",\"datePublished\":\"2017-01-31T18:00:52+00:00\",\"dateModified\":\"2022-07-22T09:23:38+00:00\",\"mainEntityOfPage\":{\"@id\":\"https:\/\/www.las-islas-reisen.de\/magazin\/instagram-mallorca\/\"},\"wordCount\":118,\"commentCount\":0,\"publisher\":{\"@id\":\"https:\/\/www.las-islas-reisen.de\/magazin\/#organization\"},\"image\":{\"@id\":\"https:\/\/www.las-islas-reisen.de\/magazin\/instagram-mallorca\/#primaryimage\"},\"thumbnailUrl\":\"https:\/\/www.las-islas-reisen.de\/magazin\/wp-content\/uploads\/2017\/01\/mallorca-instagram.jpg\",\"articleSection\":[\"Gut zu wissen\"],\"inLanguage\":\"de\",\"potentialAction\":[{\"@type\":\"CommentAction\",\"name\":\"Comment\",\"target\":[\"https:\/\/www.las-islas-reisen.de\/magazin\/instagram-mallorca\/#respond\"]}]},{\"@type\":\"WebPage\",\"@id\":\"https:\/\/www.las-islas-reisen.de\/magazin\/instagram-mallorca\/\",\"url\":\"https:\/\/www.las-islas-reisen.de\/magazin\/instagram-mallorca\/\",\"name\":\"\u1405 Die 10 besten Instagram-Accounts f\u00fcr Mallorca-Fans\",\"isPartOf\":{\"@id\":\"https:\/\/www.las-islas-reisen.de\/magazin\/#website\"},\"primaryImageOfPage\":{\"@id\":\"https:\/\/www.las-islas-reisen.de\/magazin\/instagram-mallorca\/#primaryimage\"},\"image\":{\"@id\":\"https:\/\/www.las-islas-reisen.de\/magazin\/instagram-mallorca\/#primaryimage\"},\"thumbnailUrl\":\"https:\/\/www.las-islas-reisen.de\/magazin\/wp-content\/uploads\/2017\/01\/mallorca-instagram.jpg\",\"datePublished\":\"2017-01-31T18:00:52+00:00\",\"dateModified\":\"2022-07-22T09:23:38+00:00\",\"description\":\"Da wir selbst unter @lasislasreisen bei Instagram aktiv sind und st\u00e4ndig nach au\u00dfergew\u00f6hnlich sch\u00f6nen Mallorca-Fotos st\u00f6bern, haben wir hier f\u00fcr euch\",\"breadcrumb\":{\"@id\":\"https:\/\/www.las-islas-reisen.de\/magazin\/instagram-mallorca\/#breadcrumb\"},\"inLanguage\":\"de\",\"potentialAction\":[{\"@type\":\"ReadAction\",\"target\":[\"https:\/\/www.las-islas-reisen.de\/magazin\/instagram-mallorca\/\"]}]},{\"@type\":\"ImageObject\",\"inLanguage\":\"de\",\"@id\":\"https:\/\/www.las-islas-reisen.de\/magazin\/instagram-mallorca\/#primaryimage\",\"url\":\"https:\/\/www.las-islas-reisen.de\/magazin\/wp-content\/uploads\/2017\/01\/mallorca-instagram.jpg\",\"contentUrl\":\"https:\/\/www.las-islas-reisen.de\/magazin\/wp-content\/uploads\/2017\/01\/mallorca-instagram.jpg\",\"width\":670,\"height\":447,\"caption\":\"Mallorca Instagram\"},{\"@type\":\"BreadcrumbList\",\"@id\":\"https:\/\/www.las-islas-reisen.de\/magazin\/instagram-mallorca\/#breadcrumb\",\"itemListElement\":[{\"@type\":\"ListItem\",\"position\":1,\"name\":\"Home\",\"item\":\"https:\/\/www.las-islas-reisen.de\/magazin\/\"},{\"@type\":\"ListItem\",\"position\":2,\"name\":\"Instagram: 10 Accounts, denen Mallorca-Fans folgen sollten\"}]},{\"@type\":\"WebSite\",\"@id\":\"https:\/\/www.las-islas-reisen.de\/magazin\/#website\",\"url\":\"https:\/\/www.las-islas-reisen.de\/magazin\/\",\"name\":\"\",\"description\":\"\",\"publisher\":{\"@id\":\"https:\/\/www.las-islas-reisen.de\/magazin\/#organization\"},\"potentialAction\":[{\"@type\":\"SearchAction\",\"target\":{\"@type\":\"EntryPoint\",\"urlTemplate\":\"https:\/\/www.las-islas-reisen.de\/magazin\/?s={search_term_string}\"},\"query-input\":{\"@type\":\"PropertyValueSpecification\",\"valueRequired\":true,\"valueName\":\"search_term_string\"}}],\"inLanguage\":\"de\"},{\"@type\":\"Organization\",\"@id\":\"https:\/\/www.las-islas-reisen.de\/magazin\/#organization\",\"name\":\"Las Islas Reisen GmbH\",\"url\":\"https:\/\/www.las-islas-reisen.de\/magazin\/\",\"logo\":{\"@type\":\"ImageObject\",\"inLanguage\":\"de\",\"@id\":\"https:\/\/www.las-islas-reisen.de\/magazin\/#\/schema\/logo\/image\/\",\"url\":\"https:\/\/www.las-islas-reisen.de\/magazin\/wp-content\/uploads\/2015\/06\/logo6.jpg\",\"contentUrl\":\"https:\/\/www.las-islas-reisen.de\/magazin\/wp-content\/uploads\/2015\/06\/logo6.jpg\",\"width\":700,\"height\":700,\"caption\":\"Las Islas Reisen GmbH\"},\"image\":{\"@id\":\"https:\/\/www.las-islas-reisen.de\/magazin\/#\/schema\/logo\/image\/\"}},{\"@type\":\"Person\",\"@id\":\"https:\/\/www.las-islas-reisen.de\/magazin\/#\/schema\/person\/3518c9096bde8c3b0c3c5175ddda68f1\",\"name\":\"Las Islas Reisen\"}]}<\/script>\n<!-- \/ Yoast SEO plugin. -->","yoast_head_json":{"title":"\u1405 Die 10 besten Instagram-Accounts f\u00fcr Mallorca-Fans","description":"Da wir selbst unter @lasislasreisen bei Instagram aktiv sind und st\u00e4ndig nach au\u00dfergew\u00f6hnlich sch\u00f6nen Mallorca-Fotos st\u00f6bern, haben wir hier f\u00fcr euch","robots":{"index":"index","follow":"follow","max-snippet":"max-snippet:-1","max-image-preview":"max-image-preview:large","max-video-preview":"max-video-preview:-1"},"canonical":"https:\/\/www.las-islas-reisen.de\/magazin\/instagram-mallorca\/","twitter_misc":{"Verfasst von":"Las Islas Reisen","Gesch\u00e4tzte Lesezeit":"1\u00a0Minute"},"schema":{"@context":"https:\/\/schema.org","@graph":[{"@type":"Article","@id":"https:\/\/www.las-islas-reisen.de\/magazin\/instagram-mallorca\/#article","isPartOf":{"@id":"https:\/\/www.las-islas-reisen.de\/magazin\/instagram-mallorca\/"},"author":{"name":"Las Islas Reisen","@id":"https:\/\/www.las-islas-reisen.de\/magazin\/#\/schema\/person\/3518c9096bde8c3b0c3c5175ddda68f1"},"headline":"Instagram: 10 Accounts, denen Mallorca-Fans folgen sollten","datePublished":"2017-01-31T18:00:52+00:00","dateModified":"2022-07-22T09:23:38+00:00","mainEntityOfPage":{"@id":"https:\/\/www.las-islas-reisen.de\/magazin\/instagram-mallorca\/"},"wordCount":118,"commentCount":0,"publisher":{"@id":"https:\/\/www.las-islas-reisen.de\/magazin\/#organization"},"image":{"@id":"https:\/\/www.las-islas-reisen.de\/magazin\/instagram-mallorca\/#primaryimage"},"thumbnailUrl":"https:\/\/www.las-islas-reisen.de\/magazin\/wp-content\/uploads\/2017\/01\/mallorca-instagram.jpg","articleSection":["Gut zu wissen"],"inLanguage":"de","potentialAction":[{"@type":"CommentAction","name":"Comment","target":["https:\/\/www.las-islas-reisen.de\/magazin\/instagram-mallorca\/#respond"]}]},{"@type":"WebPage","@id":"https:\/\/www.las-islas-reisen.de\/magazin\/instagram-mallorca\/","url":"https:\/\/www.las-islas-reisen.de\/magazin\/instagram-mallorca\/","name":"\u1405 Die 10 besten Instagram-Accounts f\u00fcr Mallorca-Fans","isPartOf":{"@id":"https:\/\/www.las-islas-reisen.de\/magazin\/#website"},"primaryImageOfPage":{"@id":"https:\/\/www.las-islas-reisen.de\/magazin\/instagram-mallorca\/#primaryimage"},"image":{"@id":"https:\/\/www.las-islas-reisen.de\/magazin\/instagram-mallorca\/#primaryimage"},"thumbnailUrl":"https:\/\/www.las-islas-reisen.de\/magazin\/wp-content\/uploads\/2017\/01\/mallorca-instagram.jpg","datePublished":"2017-01-31T18:00:52+00:00","dateModified":"2022-07-22T09:23:38+00:00","description":"Da wir selbst unter @lasislasreisen bei Instagram aktiv sind und st\u00e4ndig nach au\u00dfergew\u00f6hnlich sch\u00f6nen Mallorca-Fotos st\u00f6bern, haben wir hier f\u00fcr euch","breadcrumb":{"@id":"https:\/\/www.las-islas-reisen.de\/magazin\/instagram-mallorca\/#breadcrumb"},"inLanguage":"de","potentialAction":[{"@type":"ReadAction","target":["https:\/\/www.las-islas-reisen.de\/magazin\/instagram-mallorca\/"]}]},{"@type":"ImageObject","inLanguage":"de","@id":"https:\/\/www.las-islas-reisen.de\/magazin\/instagram-mallorca\/#primaryimage","url":"https:\/\/www.las-islas-reisen.de\/magazin\/wp-content\/uploads\/2017\/01\/mallorca-instagram.jpg","contentUrl":"https:\/\/www.las-islas-reisen.de\/magazin\/wp-content\/uploads\/2017\/01\/mallorca-instagram.jpg","width":670,"height":447,"caption":"Mallorca Instagram"},{"@type":"BreadcrumbList","@id":"https:\/\/www.las-islas-reisen.de\/magazin\/instagram-mallorca\/#breadcrumb","itemListElement":[{"@type":"ListItem","position":1,"name":"Home","item":"https:\/\/www.las-islas-reisen.de\/magazin\/"},{"@type":"ListItem","position":2,"name":"Instagram: 10 Accounts, denen Mallorca-Fans folgen sollten"}]},{"@type":"WebSite","@id":"https:\/\/www.las-islas-reisen.de\/magazin\/#website","url":"https:\/\/www.las-islas-reisen.de\/magazin\/","name":"","description":"","publisher":{"@id":"https:\/\/www.las-islas-reisen.de\/magazin\/#organization"},"potentialAction":[{"@type":"SearchAction","target":{"@type":"EntryPoint","urlTemplate":"https:\/\/www.las-islas-reisen.de\/magazin\/?s={search_term_string}"},"query-input":{"@type":"PropertyValueSpecification","valueRequired":true,"valueName":"search_term_string"}}],"inLanguage":"de"},{"@type":"Organization","@id":"https:\/\/www.las-islas-reisen.de\/magazin\/#organization","name":"Las Islas Reisen GmbH","url":"https:\/\/www.las-islas-reisen.de\/magazin\/","logo":{"@type":"ImageObject","inLanguage":"de","@id":"https:\/\/www.las-islas-reisen.de\/magazin\/#\/schema\/logo\/image\/","url":"https:\/\/www.las-islas-reisen.de\/magazin\/wp-content\/uploads\/2015\/06\/logo6.jpg","contentUrl":"https:\/\/www.las-islas-reisen.de\/magazin\/wp-content\/uploads\/2015\/06\/logo6.jpg","width":700,"height":700,"caption":"Las Islas Reisen GmbH"},"image":{"@id":"https:\/\/www.las-islas-reisen.de\/magazin\/#\/schema\/logo\/image\/"}},{"@type":"Person","@id":"https:\/\/www.las-islas-reisen.de\/magazin\/#\/schema\/person\/3518c9096bde8c3b0c3c5175ddda68f1","name":"Las Islas Reisen"}]}},"modified_by":"Las Islas Reisen","_links":{"self":[{"href":"https:\/\/www.las-islas-reisen.de\/magazin\/wp-json\/wp\/v2\/posts\/2035","targetHints":{"allow":["GET"]}}],"collection":[{"href":"https:\/\/www.las-islas-reisen.de\/magazin\/wp-json\/wp\/v2\/posts"}],"about":[{"href":"https:\/\/www.las-islas-reisen.de\/magazin\/wp-json\/wp\/v2\/types\/post"}],"author":[{"embeddable":true,"href":"https:\/\/www.las-islas-reisen.de\/magazin\/wp-json\/wp\/v2\/users\/1"}],"replies":[{"embeddable":true,"href":"https:\/\/www.las-islas-reisen.de\/magazin\/wp-json\/wp\/v2\/comments?post=2035"}],"version-history":[{"count":0,"href":"https:\/\/www.las-islas-reisen.de\/magazin\/wp-json\/wp\/v2\/posts\/2035\/revisions"}],"wp:featuredmedia":[{"embeddable":true,"href":"https:\/\/www.las-islas-reisen.de\/magazin\/wp-json\/wp\/v2\/media\/2060"}],"wp:attachment":[{"href":"https:\/\/www.las-islas-reisen.de\/magazin\/wp-json\/wp\/v2\/media?parent=2035"}],"wp:term":[{"taxonomy":"category","embeddable":true,"href":"https:\/\/www.las-islas-reisen.de\/magazin\/wp-json\/wp\/v2\/categories?post=2035"},{"taxonomy":"post_tag","embeddable":true,"href":"https:\/\/www.las-islas-reisen.de\/magazin\/wp-json\/wp\/v2\/tags?post=2035"}],"curies":[{"name":"wp","href":"https:\/\/api.w.org\/{rel}","templated":true}]}}