{"id":2136,"date":"2017-08-03T11:47:56","date_gmt":"2017-08-03T09:47:56","guid":{"rendered":"https:\/\/www.las-islas-reisen.de\/magazin\/?p=2136"},"modified":"2026-03-12T10:39:59","modified_gmt":"2026-03-12T09:39:59","slug":"einkaufen-auf-mallorca","status":"publish","type":"post","link":"https:\/\/www.las-islas-reisen.de\/magazin\/einkaufen-auf-mallorca\/","title":{"rendered":"Einkaufen auf Mallorca: Superm\u00e4rkte &#038; \u00d6ffnungszeiten"},"content":{"rendered":"\n<p>Gerade G\u00e4sten, die das erste Mal <a href=\"https:\/\/www.las-islas-reisen.de\/mallorca\/finca-mallorca.php\">Urlaub auf einer Finca<\/a> machen, stellt sich immer wieder vor Ihrer Abreise die Frage, wo es die n\u00e4chste Einkaufsm\u00f6glichkeit f\u00fcr Lebensmittel gibt und wie es um die <strong>\u00d6ffnungszeiten<\/strong> steht.<\/p>\n\n\n\n<blockquote class=\"wp-block-quote is-layout-flow wp-block-quote-is-layout-flow\">\n<p>Die gro\u00dfen Superm\u00e4rkte (Eroski \/ Aprop, Mercadona) haben MO \u2013 SA 09.00 \/ 09.30 h bis 21.00 \/ 22.00 h und SO bis etwa 14.00 h ge\u00f6ffnet.<\/p>\n<\/blockquote>\n\n\n\n<p><strong>Lidl und Aldi<\/strong> haben \u00e4hnliche \u00d6ffnungszeiten, wobei am Sonntag nur einige Aldi-Filialen (Inca, Palmanova und Magaluf) von 09.00 &#8211; 20.00 h ge\u00f6ffnet haben. Ein ausschlie\u00dflich deutsches Sortiment darf man hier nicht erwarten, denn auch hier werden haupts\u00e4chlich spanische Produkte verkauft.<\/p>\n\n\n\n<p><strong>Generell geschlossen<\/strong> sind alle Superm\u00e4rkte auf Mallorca an folgenden Tagen<\/p>\n\n\n\n<ul class=\"wp-block-list\">\n<li>Neujahr<\/li>\n\n\n\n<li>Heilige Dreik\u00f6nige (6. Januar)<\/li>\n\n\n\n<li>Karfreitag und Ostermontag<\/li>\n\n\n\n<li>1. Mai<\/li>\n\n\n\n<li>Mari\u00e4 Empf\u00e4ngnis (8. Dezember)<\/li>\n\n\n\n<li>1. Weihnachtsfeiertag<\/li>\n<\/ul>\n\n\n\n<p><br>Siehe dazu auch: <a href=\"https:\/\/www.las-islas-reisen.de\/magazin\/feiertage-mallorca\/\">Feste und Feiertage auf Mallorca<\/a><\/p>\n\n\n\n<figure class=\"wp-block-image alignnone size-full wp-image-2180\"><img decoding=\"async\" width=\"670\" height=\"384\" src=\"https:\/\/www.las-islas-reisen.de\/magazin\/wp-content\/uploads\/2017\/08\/eroski-mallorca.jpg\" alt=\"Eroski Supermarkt auf Mallorca\" class=\"wp-image-2180\" srcset=\"https:\/\/www.las-islas-reisen.de\/magazin\/wp-content\/uploads\/2017\/08\/eroski-mallorca.jpg 670w, https:\/\/www.las-islas-reisen.de\/magazin\/wp-content\/uploads\/2017\/08\/eroski-mallorca-300x172.jpg 300w\" sizes=\"(max-width: 670px) 100vw, 670px\" \/><figcaption class=\"wp-element-caption\">Eroski<\/figcaption><\/figure>\n\n\n\n<p>In den meisten kleinen \u00d6rtchen gibt es zudem in der Regel einen kleinen Tante-Emma-L\u00e4den, der jedoch h\u00e4ufig nur eingeschr\u00e4nkte \u00d6ffnungszeiten hat. <strong>W\u00e4hrend der Siesta<\/strong> haben diese von MO &#8211; FR generell von 13.00\/14.00 h bis 16.00\/17.00 h geschlossen und am SA sind sie nur bis 12.00 h ge\u00f6ffnet. Diese L\u00e4den sind h\u00e4ufig teurer als die gro\u00dfen Superm\u00e4rkte, aber daf\u00fcr werden hier viele frische, lokale Produkte angeboten.<\/p>\n\n\n\n<p>Zu Bedenken gilt auch, dass an manchen <strong>lokalen Feiertagen<\/strong> in einem Ort die Gesch\u00e4fte komplett geschlossen haben, im n\u00e4chsten Ort allerdings alle Gesch\u00e4fte ge\u00f6ffnet sind. Daher haben wir f\u00fcr Sie eine Liste der gro\u00dfen Einkaufsm\u00e4rkte auf Mallorca zusammengestellt.<\/p>\n\n\n\n<h2 class=\"wp-block-heading\">LIDL-Filialen auf Mallorca<\/h2>\n\n\n\n<figure class=\"wp-block-image\"><img decoding=\"async\" width=\"670\" height=\"519\" src=\"https:\/\/www.las-islas-reisen.de\/magazin\/wp-content\/uploads\/2017\/08\/lidl-supermaerkte-mallorca.jpg\" alt=\"Lidl Superm\u00e4rkte auf Mallorca\" class=\"wp-image-2155\" srcset=\"https:\/\/www.las-islas-reisen.de\/magazin\/wp-content\/uploads\/2017\/08\/lidl-supermaerkte-mallorca.jpg 670w, https:\/\/www.las-islas-reisen.de\/magazin\/wp-content\/uploads\/2017\/08\/lidl-supermaerkte-mallorca-300x232.jpg 300w\" sizes=\"(max-width: 670px) 100vw, 670px\" \/><\/figure>\n\n\n\n<ul class=\"wp-block-list shop-list\">\n<li>Pollensa (Mo.-Sam. 09:00\u201322:00 \/ Son. 09:00\u201320:00)<\/li>\n\n\n\n<li>Puerto Alcudia (Mo.-Sam. 09:00\u201322:00 \/ Son. 09:00\u201315:00)<\/li>\n\n\n\n<li>Inca (Mo.-Sam. 09:00\u201322:00 \/ Son. 09:00\u201315:00)<\/li>\n\n\n\n<li>Capdepera (Mo.-Sam. 09:00\u201321:30 \/ Son. 09:00\u201315:00)<\/li>\n\n\n\n<li>Cala Millor (Sant Llorenc) (Mo.-Sam. 09:00\u201322:00 \/ Son. 09:00\u201320:00)<\/li>\n\n\n\n<li>Manacor (Mo.-Sam. 09:00\u201321:30 \/ Son. 09:00\u201315:00)<\/li>\n\n\n\n<li>Felanitx (Mo.-Sam. 09:00\u201322:00 \/ Son. 09:00\u201315:00)<\/li>\n\n\n\n<li>Campos (Mo.-Sam. 09:00\u201322:00 \/ Son. 09:00\u201320:00)<\/li>\n\n\n\n<li>Santanyi (Mo.-Sam. 09:00\u201322:00 \/ Son. 09:00\u201315:00)<\/li>\n\n\n\n<li>Palma de Mallorca (Mo.-Sam. 09:00\u201321:30 \/ Son. geschlossen)<\/li>\n\n\n\n<li>Palmanova (Mo.-Son. 09:00\u201322:00)<\/li>\n<\/ul>\n\n\n\n<p><a href=\"https:\/\/www.google.de\/search?hl=de&amp;q=lidl+filialen+auf+mallorca&amp;npsic=0&amp;rflfq=1&amp;rlha=0&amp;rllag=39512316,2842831,16775&amp;tbm=lcl&amp;ved=2ahUKEwiZ_8mFgIveAhWiM-wKHcaFBJQQjGp6BAgFEC4&amp;tbs=lrf:!2m1!1e3!3sIAE,lf:1,lf_ui:4&amp;rldoc=1&amp;biw=1920&amp;bih=925\" target=\"_blank\" rel=\"noopener noreferrer\">Alle LIDL-Filialen auf Google-Maps ansehen<\/a><\/p>\n\n\n\n<h2 class=\"wp-block-heading\">ALDI-Filialen auf Mallorca<\/h2>\n\n\n\n<figure class=\"wp-block-image\"><img decoding=\"async\" width=\"670\" height=\"286\" src=\"https:\/\/www.las-islas-reisen.de\/magazin\/wp-content\/uploads\/2017\/08\/aldi-mallorca.jpg\" alt=\"ALDI Superm\u00e4rkte auf Mallorca\" class=\"wp-image-2159\" srcset=\"https:\/\/www.las-islas-reisen.de\/magazin\/wp-content\/uploads\/2017\/08\/aldi-mallorca.jpg 670w, https:\/\/www.las-islas-reisen.de\/magazin\/wp-content\/uploads\/2017\/08\/aldi-mallorca-300x128.jpg 300w\" sizes=\"(max-width: 670px) 100vw, 670px\" \/><\/figure>\n\n\n\n<ul class=\"wp-block-list shop-list\">\n<li>Manacor<\/li>\n\n\n\n<li>Inca (Mo.-Sam. 09:15\u201321:15)<\/li>\n\n\n\n<li>Campos<\/li>\n\n\n\n<li>Palma de Mallorca<\/li>\n\n\n\n<li>Palmanova<\/li>\n\n\n\n<li>Calvi\u00e0\/Magaluf (Mo.-Sam. 09:00\u201322:00)<\/li>\n\n\n\n<li>Marratxi (Mo.-Sam. 09:00\u201321:30)<\/li>\n<\/ul>\n\n\n\n<p><a href=\"https:\/\/www.google.de\/search?q=ALDI+mallorca&amp;npsic=0&amp;rflfq=1&amp;rlha=0&amp;rllag=39557757,2611251,7113&amp;tbm=lcl&amp;ved=2ahUKEwiR1K72_4reAhVI2KQKHQLpAxQQjGp6BAgAEC4&amp;tbs=lrf:!2m1!1e3!3sIAE,lf:1,lf_ui:4&amp;rldoc=1&amp;biw=1920&amp;bih=925\" target=\"_blank\" rel=\"noopener noreferrer\">Alle ALDI-Filialen auf Google-Maps ansehen<\/a><br><\/p>\n\n\n\n<h2 class=\"wp-block-heading\">EROSKI-Superm\u00e4rkte auf Mallorca<\/h2>\n\n\n\n<p><strong>Mallorca-Nord<\/strong><\/p>\n\n\n\n<ul class=\"wp-block-list\">\n<li>Puerto de Pollensa<\/li>\n\n\n\n<li>Alcudia<\/li>\n\n\n\n<li>Puerto de Alcudia<\/li>\n\n\n\n<li>Sa Pobla<\/li>\n<\/ul>\n\n\n\n<p><strong>Mallorca-Nordwest<\/strong><\/p>\n\n\n\n<ul class=\"wp-block-list\">\n<li>Soller<\/li>\n<\/ul>\n\n\n\n<p><strong>Mallorca-Nordost<\/strong><\/p>\n\n\n\n<ul class=\"wp-block-list\">\n<li>Cala Ratjada<\/li>\n\n\n\n<li>Capdepera<\/li>\n\n\n\n<li>Arta<\/li>\n\n\n\n<li>Son Servera<\/li>\n<\/ul>\n\n\n\n<p><strong>Mallorca-Ost<\/strong><\/p>\n\n\n\n<ul class=\"wp-block-list\">\n<li>Manacor<\/li>\n\n\n\n<li>Porto Cristo<\/li>\n\n\n\n<li>Porto Colom<\/li>\n<\/ul>\n\n\n\n<p><strong>Mallorca-S\u00fcdost<\/strong><\/p>\n\n\n\n<ul class=\"wp-block-list\">\n<li>Campos<\/li>\n\n\n\n<li>Santanyi<\/li>\n\n\n\n<li>Cala Dor<\/li>\n<\/ul>\n\n\n\n<p><strong>Mallorca-S\u00fcd<\/strong><\/p>\n\n\n\n<ul class=\"wp-block-list\">\n<li>Llucmajor<\/li>\n\n\n\n<li>Palma de Mallorca<\/li>\n\n\n\n<li>Son Ferriol<\/li>\n\n\n\n<li>San Augustin<\/li>\n\n\n\n<li>Palmanova<\/li>\n\n\n\n<li>Son Ferrer<\/li>\n<\/ul>\n\n\n\n<p><strong>Mallorca-S\u00fcdwest<\/strong><\/p>\n\n\n\n<ul class=\"wp-block-list\">\n<li>Santa Ponsa<\/li>\n\n\n\n<li>Port Andratx<\/li>\n<\/ul>\n\n\n\n<p><strong>Mallorca-Mitte<\/strong><\/p>\n\n\n\n<ul class=\"wp-block-list\">\n<li>Santa Maria del Cami<\/li>\n\n\n\n<li>Consell<\/li>\n\n\n\n<li>Binissalem<\/li>\n\n\n\n<li>Alaro<\/li>\n\n\n\n<li>Llosetta<\/li>\n\n\n\n<li>Inca<\/li>\n<\/ul>\n\n\n\n<figure class=\"wp-block-image\"><img decoding=\"async\" width=\"670\" height=\"361\" src=\"https:\/\/www.las-islas-reisen.de\/magazin\/wp-content\/uploads\/2017\/08\/obst-gemuese-waage.jpg\" alt=\"Obst- und Gem\u00fcsewaage\" class=\"wp-image-2270\" srcset=\"https:\/\/www.las-islas-reisen.de\/magazin\/wp-content\/uploads\/2017\/08\/obst-gemuese-waage.jpg 670w, https:\/\/www.las-islas-reisen.de\/magazin\/wp-content\/uploads\/2017\/08\/obst-gemuese-waage-300x162.jpg 300w\" sizes=\"(max-width: 670px) 100vw, 670px\" \/><\/figure>\n\n\n\n<h2 class=\"wp-block-heading\">MERCADONA-Superm\u00e4rkte auf Mallorca<\/h2>\n\n\n\n<p><strong>Mallorca-Nord<\/strong><\/p>\n\n\n\n<ul class=\"wp-block-list\">\n<li>Alcudia<\/li>\n\n\n\n<li>Can Picafort<\/li>\n\n\n\n<li>Sa Pobla<\/li>\n<\/ul>\n\n\n\n<p><strong>Mallorca-Nordost<\/strong><\/p>\n\n\n\n<ul class=\"wp-block-list\">\n<li>Cala Ratjada<\/li>\n\n\n\n<li>Cala Millor<\/li>\n<\/ul>\n\n\n\n<p><strong>Mallorca-Ost<\/strong><\/p>\n\n\n\n<ul class=\"wp-block-list\">\n<li>Manacor<\/li>\n<\/ul>\n\n\n\n<p><strong>Mallorca-S\u00fcdost<\/strong><\/p>\n\n\n\n<ul class=\"wp-block-list\">\n<li>Campos<\/li>\n<\/ul>\n\n\n\n<div class=\"wp-block-group\"><div class=\"wp-block-group__inner-container is-layout-flow wp-block-group-is-layout-flow\">\n<p><strong>Mallorca-S\u00fcd<\/strong><\/p>\n\n\n\n<ul class=\"wp-block-list shop-list\">\n<li>Llucmajor<\/li>\n\n\n\n<li>Ses Cadenes<\/li>\n\n\n\n<li>Coll den Rabassa<\/li>\n\n\n\n<li>Palma de Mallorca<\/li>\n\n\n\n<li>Cala Nova<\/li>\n<\/ul>\n\n\n\n<div style=\"height:10px\" aria-hidden=\"true\" class=\"wp-block-spacer\"><\/div>\n\n\n\n<p><strong>Mallorca-S\u00fcdwest<\/strong><\/p>\n\n\n\n<ul class=\"wp-block-list shop-list\">\n<li>Illetes<\/li>\n\n\n\n<li>Palmanova<\/li>\n\n\n\n<li>Cala Fornells<\/li>\n\n\n\n<li>Andratx<\/li>\n<\/ul>\n\n\n\n<div style=\"height:10px\" aria-hidden=\"true\" class=\"wp-block-spacer\"><\/div>\n\n\n\n<p><strong>Mallorca-Mitte<\/strong><\/p>\n\n\n\n<ul class=\"wp-block-list shop-list\">\n<li>Marratxi<\/li>\n\n\n\n<li>Inca<\/li>\n<\/ul>\n<\/div><\/div>\n\n\n\n<h2 class=\"wp-block-heading\">B\u00e4cker \/ Konditorei<\/h2>\n\n\n\n<p>Neben den Frischetheken in den gro\u00dfen Superm\u00e4rkten finden Sie auch in den kleineren Orten h\u00e4ufig eine <strong>B\u00e4ckerei<\/strong> und einen <strong>Fleischerladen<\/strong> mit einem reichhaltigen und frischen Angebot. Betreten Sie einfach mal einen solchen B\u00e4ckerladen und lassen Sie sich von den D\u00fcften und Ger\u00fcchen Appetit machen. Neben Wei\u00dfbrot und Baguettes in s\u00e4mtlichen Variationen gibt es auch viele leckere Kuchen und Geb\u00e4ckteilchen. Unser Tipp: Probieren Sie unbedingt mal eine Ensaimada! Sie wird in verschiedenen Gr\u00f6\u00dfen angeboten und ist mit oder ohne F\u00fcllung erh\u00e4ltlich.<\/p>\n\n\n\n<figure class=\"wp-block-image\"><img decoding=\"async\" width=\"670\" height=\"349\" src=\"https:\/\/www.las-islas-reisen.de\/magazin\/wp-content\/uploads\/2017\/08\/baeckerei.jpg\" alt=\"B\u00e4cker\" class=\"wp-image-2188\" srcset=\"https:\/\/www.las-islas-reisen.de\/magazin\/wp-content\/uploads\/2017\/08\/baeckerei.jpg 670w, https:\/\/www.las-islas-reisen.de\/magazin\/wp-content\/uploads\/2017\/08\/baeckerei-300x156.jpg 300w\" sizes=\"(max-width: 670px) 100vw, 670px\" \/><\/figure>\n\n\n\n<p>Anders als in Deutschland findet man beim mallorquinischen B\u00e4cker <strong>Vollkornprodukte eher selten<\/strong>. Hier muss man also leider auf abgepackte Ware aus dem Supermarkt zur\u00fcckgreifen. Allerdings haben wir erst k\u00fcrzlich einen B\u00e4cker in Santanyi gefunden, der auch leckere, frische Vollkornbrote anbietet: &#8222;Pan Aleman&#8220;.<\/p>\n\n\n\n<h2 class=\"wp-block-heading\">Wochenm\u00e4rkte<\/h2>\n\n\n\n<p>Mit frischen, regionalen Produkten kann man sich auch ausgezeichnet auf den <strong>Wochenm\u00e4rkten<\/strong>, die von etwa 09.00 &#8211; 13.00 h stattfinden, versorgen.<\/p>\n\n\n\n<figure class=\"wp-block-image\"><img decoding=\"async\" width=\"670\" height=\"374\" src=\"https:\/\/www.las-islas-reisen.de\/magazin\/wp-content\/uploads\/2017\/08\/wochenmarkt-auf-mallorca.jpg\" alt=\"Wochenmarkt\" class=\"wp-image-2192\" srcset=\"https:\/\/www.las-islas-reisen.de\/magazin\/wp-content\/uploads\/2017\/08\/wochenmarkt-auf-mallorca.jpg 670w, https:\/\/www.las-islas-reisen.de\/magazin\/wp-content\/uploads\/2017\/08\/wochenmarkt-auf-mallorca-300x167.jpg 300w\" sizes=\"(max-width: 670px) 100vw, 670px\" \/><\/figure>\n\n\n\n<p>Neben frischem Obst und Gem\u00fcse werden hier auch Schinken, Sobressadas, K\u00e4se, Oliven, Peperonis und Oliven\u00f6l sowie Marmelade, Seife, Kleidungsst\u00fccke vom BH bis zur Jeans, Lederwaren und Kunstgegenst\u00e4nde, um nur einige Produkte zu nennen, angeboten. Tauchen Sie ein in das bunte Treiben und lassen Sie sich von dieser einzigartigen Atmosph\u00e4re verzaubern. Sie werden sicher begeistert sein! An welchen Wochentagen in den verschiedenen <a href=\"https:\/\/www.las-islas-reisen.de\/mallorca\/insel.php\">Orten auf Mallorca<\/a> ein solcher Wochenmarkt stattfindet, k\u00f6nnen Sie hier nachlesen: <a href=\"https:\/\/www.mallorca-experte.net\/mallorca-maerkte\/\" target=\"_blank\" rel=\"noopener noreferrer\">Wochenm\u00e4rkte auf Mallorca<\/a><\/p>\n\n\n\n<h2 class=\"wp-block-heading\">Tabak &amp; Zigaretten<\/h2>\n\n\n\n<p>F\u00fcr alle G\u00e4ste, die auf Mallorca auf der Suche nach <strong>Tabakwaren<\/strong> sind, k\u00f6nnen diese nur in speziellen Tabak-L\u00e4den erwerben. Im Supermarkt und an den Tankstellen werden Sie diese nicht finden. Einen Tabak-Laden erkennen Sie an einem Schild mit der Aufschrift TABACOS.<\/p>\n","protected":false},"excerpt":{"rendered":"<p>Gerade G\u00e4sten, die das erste Mal Urlaub auf einer Finca machen, stellt sich immer wieder vor Ihrer Abreise die Frage, wo es die n\u00e4chste Einkaufsm\u00f6glichkeit f\u00fcr Lebensmittel gibt und wie es um die \u00d6ffnungszeiten steht. Die gro\u00dfen Superm\u00e4rkte (Eroski \/ Aprop, Mercadona) haben MO \u2013 SA 09.00 \/ 09.30 h bis 21.00 \/ 22.00 h&#8230;<\/p>\n","protected":false},"author":1,"featured_media":2182,"comment_status":"open","ping_status":"open","sticky":false,"template":"","format":"standard","meta":{"_lmt_disableupdate":"","_lmt_disable":"","_kad_post_transparent":"","_kad_post_title":"","_kad_post_layout":"","_kad_post_sidebar_id":"","_kad_post_content_style":"","_kad_post_vertical_padding":"","_kad_post_feature":"","_kad_post_feature_position":"","_kad_post_header":false,"_kad_post_footer":false,"_kad_post_classname":"","footnotes":""},"categories":[21],"tags":[],"class_list":["post-2136","post","type-post","status-publish","format-standard","has-post-thumbnail","hentry","category-gut-zu-wissen"],"yoast_head":"<!-- This site is optimized with the Yoast SEO plugin v27.2 - https:\/\/yoast.com\/product\/yoast-seo-wordpress\/ -->\n<title>\u1405 Einkaufen (Shopping) Mallorca: Superm\u00e4rkte + \u00d6ffnungszeiten<\/title>\n<meta name=\"description\" content=\"Gerade G\u00e4sten, die das erste Mal Urlaub auf einer Finca machen, stellt sich immer wieder vor Ihrer Abreise die Frage, wo es die n\u00e4chste\" \/>\n<meta name=\"robots\" content=\"index, follow, max-snippet:-1, max-image-preview:large, max-video-preview:-1\" \/>\n<link rel=\"canonical\" href=\"https:\/\/www.las-islas-reisen.de\/magazin\/einkaufen-auf-mallorca\/\" \/>\n<meta name=\"twitter:label1\" content=\"Verfasst von\" \/>\n\t<meta name=\"twitter:data1\" content=\"Las Islas Reisen\" \/>\n\t<meta name=\"twitter:label2\" content=\"Gesch\u00e4tzte Lesezeit\" \/>\n\t<meta name=\"twitter:data2\" content=\"6\u00a0Minuten\" \/>\n<script type=\"application\/ld+json\" class=\"yoast-schema-graph\">{\"@context\":\"https:\/\/schema.org\",\"@graph\":[{\"@type\":\"Article\",\"@id\":\"https:\/\/www.las-islas-reisen.de\/magazin\/einkaufen-auf-mallorca\/#article\",\"isPartOf\":{\"@id\":\"https:\/\/www.las-islas-reisen.de\/magazin\/einkaufen-auf-mallorca\/\"},\"author\":{\"name\":\"Las Islas Reisen\",\"@id\":\"https:\/\/www.las-islas-reisen.de\/magazin\/#\/schema\/person\/3518c9096bde8c3b0c3c5175ddda68f1\"},\"headline\":\"Einkaufen auf Mallorca: Superm\u00e4rkte &#038; \u00d6ffnungszeiten\",\"datePublished\":\"2017-08-03T09:47:56+00:00\",\"dateModified\":\"2026-03-12T09:39:59+00:00\",\"mainEntityOfPage\":{\"@id\":\"https:\/\/www.las-islas-reisen.de\/magazin\/einkaufen-auf-mallorca\/\"},\"wordCount\":743,\"commentCount\":1,\"publisher\":{\"@id\":\"https:\/\/www.las-islas-reisen.de\/magazin\/#organization\"},\"image\":{\"@id\":\"https:\/\/www.las-islas-reisen.de\/magazin\/einkaufen-auf-mallorca\/#primaryimage\"},\"thumbnailUrl\":\"https:\/\/www.las-islas-reisen.de\/magazin\/wp-content\/uploads\/2017\/08\/obst-und-gemuese.jpg\",\"articleSection\":[\"Gut zu wissen\"],\"inLanguage\":\"de\",\"potentialAction\":[{\"@type\":\"CommentAction\",\"name\":\"Comment\",\"target\":[\"https:\/\/www.las-islas-reisen.de\/magazin\/einkaufen-auf-mallorca\/#respond\"]}]},{\"@type\":\"WebPage\",\"@id\":\"https:\/\/www.las-islas-reisen.de\/magazin\/einkaufen-auf-mallorca\/\",\"url\":\"https:\/\/www.las-islas-reisen.de\/magazin\/einkaufen-auf-mallorca\/\",\"name\":\"\u1405 Einkaufen (Shopping) Mallorca: Superm\u00e4rkte + \u00d6ffnungszeiten\",\"isPartOf\":{\"@id\":\"https:\/\/www.las-islas-reisen.de\/magazin\/#website\"},\"primaryImageOfPage\":{\"@id\":\"https:\/\/www.las-islas-reisen.de\/magazin\/einkaufen-auf-mallorca\/#primaryimage\"},\"image\":{\"@id\":\"https:\/\/www.las-islas-reisen.de\/magazin\/einkaufen-auf-mallorca\/#primaryimage\"},\"thumbnailUrl\":\"https:\/\/www.las-islas-reisen.de\/magazin\/wp-content\/uploads\/2017\/08\/obst-und-gemuese.jpg\",\"datePublished\":\"2017-08-03T09:47:56+00:00\",\"dateModified\":\"2026-03-12T09:39:59+00:00\",\"description\":\"Gerade G\u00e4sten, die das erste Mal Urlaub auf einer Finca machen, stellt sich immer wieder vor Ihrer Abreise die Frage, wo es die n\u00e4chste\",\"breadcrumb\":{\"@id\":\"https:\/\/www.las-islas-reisen.de\/magazin\/einkaufen-auf-mallorca\/#breadcrumb\"},\"inLanguage\":\"de\",\"potentialAction\":[{\"@type\":\"ReadAction\",\"target\":[\"https:\/\/www.las-islas-reisen.de\/magazin\/einkaufen-auf-mallorca\/\"]}]},{\"@type\":\"ImageObject\",\"inLanguage\":\"de\",\"@id\":\"https:\/\/www.las-islas-reisen.de\/magazin\/einkaufen-auf-mallorca\/#primaryimage\",\"url\":\"https:\/\/www.las-islas-reisen.de\/magazin\/wp-content\/uploads\/2017\/08\/obst-und-gemuese.jpg\",\"contentUrl\":\"https:\/\/www.las-islas-reisen.de\/magazin\/wp-content\/uploads\/2017\/08\/obst-und-gemuese.jpg\",\"width\":670,\"height\":398,\"caption\":\"Obst und Gem\u00fcse\"},{\"@type\":\"BreadcrumbList\",\"@id\":\"https:\/\/www.las-islas-reisen.de\/magazin\/einkaufen-auf-mallorca\/#breadcrumb\",\"itemListElement\":[{\"@type\":\"ListItem\",\"position\":1,\"name\":\"Home\",\"item\":\"https:\/\/www.las-islas-reisen.de\/magazin\/\"},{\"@type\":\"ListItem\",\"position\":2,\"name\":\"Einkaufen auf Mallorca: Superm\u00e4rkte &#038; \u00d6ffnungszeiten\"}]},{\"@type\":\"WebSite\",\"@id\":\"https:\/\/www.las-islas-reisen.de\/magazin\/#website\",\"url\":\"https:\/\/www.las-islas-reisen.de\/magazin\/\",\"name\":\"\",\"description\":\"\",\"publisher\":{\"@id\":\"https:\/\/www.las-islas-reisen.de\/magazin\/#organization\"},\"potentialAction\":[{\"@type\":\"SearchAction\",\"target\":{\"@type\":\"EntryPoint\",\"urlTemplate\":\"https:\/\/www.las-islas-reisen.de\/magazin\/?s={search_term_string}\"},\"query-input\":{\"@type\":\"PropertyValueSpecification\",\"valueRequired\":true,\"valueName\":\"search_term_string\"}}],\"inLanguage\":\"de\"},{\"@type\":\"Organization\",\"@id\":\"https:\/\/www.las-islas-reisen.de\/magazin\/#organization\",\"name\":\"Las Islas Reisen GmbH\",\"url\":\"https:\/\/www.las-islas-reisen.de\/magazin\/\",\"logo\":{\"@type\":\"ImageObject\",\"inLanguage\":\"de\",\"@id\":\"https:\/\/www.las-islas-reisen.de\/magazin\/#\/schema\/logo\/image\/\",\"url\":\"https:\/\/www.las-islas-reisen.de\/magazin\/wp-content\/uploads\/2015\/06\/logo6.jpg\",\"contentUrl\":\"https:\/\/www.las-islas-reisen.de\/magazin\/wp-content\/uploads\/2015\/06\/logo6.jpg\",\"width\":700,\"height\":700,\"caption\":\"Las Islas Reisen GmbH\"},\"image\":{\"@id\":\"https:\/\/www.las-islas-reisen.de\/magazin\/#\/schema\/logo\/image\/\"}},{\"@type\":\"Person\",\"@id\":\"https:\/\/www.las-islas-reisen.de\/magazin\/#\/schema\/person\/3518c9096bde8c3b0c3c5175ddda68f1\",\"name\":\"Las Islas Reisen\"}]}<\/script>\n<!-- \/ Yoast SEO plugin. -->","yoast_head_json":{"title":"\u1405 Einkaufen (Shopping) Mallorca: Superm\u00e4rkte + \u00d6ffnungszeiten","description":"Gerade G\u00e4sten, die das erste Mal Urlaub auf einer Finca machen, stellt sich immer wieder vor Ihrer Abreise die Frage, wo es die n\u00e4chste","robots":{"index":"index","follow":"follow","max-snippet":"max-snippet:-1","max-image-preview":"max-image-preview:large","max-video-preview":"max-video-preview:-1"},"canonical":"https:\/\/www.las-islas-reisen.de\/magazin\/einkaufen-auf-mallorca\/","twitter_misc":{"Verfasst von":"Las Islas Reisen","Gesch\u00e4tzte Lesezeit":"6\u00a0Minuten"},"schema":{"@context":"https:\/\/schema.org","@graph":[{"@type":"Article","@id":"https:\/\/www.las-islas-reisen.de\/magazin\/einkaufen-auf-mallorca\/#article","isPartOf":{"@id":"https:\/\/www.las-islas-reisen.de\/magazin\/einkaufen-auf-mallorca\/"},"author":{"name":"Las Islas Reisen","@id":"https:\/\/www.las-islas-reisen.de\/magazin\/#\/schema\/person\/3518c9096bde8c3b0c3c5175ddda68f1"},"headline":"Einkaufen auf Mallorca: Superm\u00e4rkte &#038; \u00d6ffnungszeiten","datePublished":"2017-08-03T09:47:56+00:00","dateModified":"2026-03-12T09:39:59+00:00","mainEntityOfPage":{"@id":"https:\/\/www.las-islas-reisen.de\/magazin\/einkaufen-auf-mallorca\/"},"wordCount":743,"commentCount":1,"publisher":{"@id":"https:\/\/www.las-islas-reisen.de\/magazin\/#organization"},"image":{"@id":"https:\/\/www.las-islas-reisen.de\/magazin\/einkaufen-auf-mallorca\/#primaryimage"},"thumbnailUrl":"https:\/\/www.las-islas-reisen.de\/magazin\/wp-content\/uploads\/2017\/08\/obst-und-gemuese.jpg","articleSection":["Gut zu wissen"],"inLanguage":"de","potentialAction":[{"@type":"CommentAction","name":"Comment","target":["https:\/\/www.las-islas-reisen.de\/magazin\/einkaufen-auf-mallorca\/#respond"]}]},{"@type":"WebPage","@id":"https:\/\/www.las-islas-reisen.de\/magazin\/einkaufen-auf-mallorca\/","url":"https:\/\/www.las-islas-reisen.de\/magazin\/einkaufen-auf-mallorca\/","name":"\u1405 Einkaufen (Shopping) Mallorca: Superm\u00e4rkte + \u00d6ffnungszeiten","isPartOf":{"@id":"https:\/\/www.las-islas-reisen.de\/magazin\/#website"},"primaryImageOfPage":{"@id":"https:\/\/www.las-islas-reisen.de\/magazin\/einkaufen-auf-mallorca\/#primaryimage"},"image":{"@id":"https:\/\/www.las-islas-reisen.de\/magazin\/einkaufen-auf-mallorca\/#primaryimage"},"thumbnailUrl":"https:\/\/www.las-islas-reisen.de\/magazin\/wp-content\/uploads\/2017\/08\/obst-und-gemuese.jpg","datePublished":"2017-08-03T09:47:56+00:00","dateModified":"2026-03-12T09:39:59+00:00","description":"Gerade G\u00e4sten, die das erste Mal Urlaub auf einer Finca machen, stellt sich immer wieder vor Ihrer Abreise die Frage, wo es die n\u00e4chste","breadcrumb":{"@id":"https:\/\/www.las-islas-reisen.de\/magazin\/einkaufen-auf-mallorca\/#breadcrumb"},"inLanguage":"de","potentialAction":[{"@type":"ReadAction","target":["https:\/\/www.las-islas-reisen.de\/magazin\/einkaufen-auf-mallorca\/"]}]},{"@type":"ImageObject","inLanguage":"de","@id":"https:\/\/www.las-islas-reisen.de\/magazin\/einkaufen-auf-mallorca\/#primaryimage","url":"https:\/\/www.las-islas-reisen.de\/magazin\/wp-content\/uploads\/2017\/08\/obst-und-gemuese.jpg","contentUrl":"https:\/\/www.las-islas-reisen.de\/magazin\/wp-content\/uploads\/2017\/08\/obst-und-gemuese.jpg","width":670,"height":398,"caption":"Obst und Gem\u00fcse"},{"@type":"BreadcrumbList","@id":"https:\/\/www.las-islas-reisen.de\/magazin\/einkaufen-auf-mallorca\/#breadcrumb","itemListElement":[{"@type":"ListItem","position":1,"name":"Home","item":"https:\/\/www.las-islas-reisen.de\/magazin\/"},{"@type":"ListItem","position":2,"name":"Einkaufen auf Mallorca: Superm\u00e4rkte &#038; \u00d6ffnungszeiten"}]},{"@type":"WebSite","@id":"https:\/\/www.las-islas-reisen.de\/magazin\/#website","url":"https:\/\/www.las-islas-reisen.de\/magazin\/","name":"","description":"","publisher":{"@id":"https:\/\/www.las-islas-reisen.de\/magazin\/#organization"},"potentialAction":[{"@type":"SearchAction","target":{"@type":"EntryPoint","urlTemplate":"https:\/\/www.las-islas-reisen.de\/magazin\/?s={search_term_string}"},"query-input":{"@type":"PropertyValueSpecification","valueRequired":true,"valueName":"search_term_string"}}],"inLanguage":"de"},{"@type":"Organization","@id":"https:\/\/www.las-islas-reisen.de\/magazin\/#organization","name":"Las Islas Reisen GmbH","url":"https:\/\/www.las-islas-reisen.de\/magazin\/","logo":{"@type":"ImageObject","inLanguage":"de","@id":"https:\/\/www.las-islas-reisen.de\/magazin\/#\/schema\/logo\/image\/","url":"https:\/\/www.las-islas-reisen.de\/magazin\/wp-content\/uploads\/2015\/06\/logo6.jpg","contentUrl":"https:\/\/www.las-islas-reisen.de\/magazin\/wp-content\/uploads\/2015\/06\/logo6.jpg","width":700,"height":700,"caption":"Las Islas Reisen GmbH"},"image":{"@id":"https:\/\/www.las-islas-reisen.de\/magazin\/#\/schema\/logo\/image\/"}},{"@type":"Person","@id":"https:\/\/www.las-islas-reisen.de\/magazin\/#\/schema\/person\/3518c9096bde8c3b0c3c5175ddda68f1","name":"Las Islas Reisen"}]}},"modified_by":"Las Islas Reisen","_links":{"self":[{"href":"https:\/\/www.las-islas-reisen.de\/magazin\/wp-json\/wp\/v2\/posts\/2136","targetHints":{"allow":["GET"]}}],"collection":[{"href":"https:\/\/www.las-islas-reisen.de\/magazin\/wp-json\/wp\/v2\/posts"}],"about":[{"href":"https:\/\/www.las-islas-reisen.de\/magazin\/wp-json\/wp\/v2\/types\/post"}],"author":[{"embeddable":true,"href":"https:\/\/www.las-islas-reisen.de\/magazin\/wp-json\/wp\/v2\/users\/1"}],"replies":[{"embeddable":true,"href":"https:\/\/www.las-islas-reisen.de\/magazin\/wp-json\/wp\/v2\/comments?post=2136"}],"version-history":[{"count":2,"href":"https:\/\/www.las-islas-reisen.de\/magazin\/wp-json\/wp\/v2\/posts\/2136\/revisions"}],"predecessor-version":[{"id":3279,"href":"https:\/\/www.las-islas-reisen.de\/magazin\/wp-json\/wp\/v2\/posts\/2136\/revisions\/3279"}],"wp:featuredmedia":[{"embeddable":true,"href":"https:\/\/www.las-islas-reisen.de\/magazin\/wp-json\/wp\/v2\/media\/2182"}],"wp:attachment":[{"href":"https:\/\/www.las-islas-reisen.de\/magazin\/wp-json\/wp\/v2\/media?parent=2136"}],"wp:term":[{"taxonomy":"category","embeddable":true,"href":"https:\/\/www.las-islas-reisen.de\/magazin\/wp-json\/wp\/v2\/categories?post=2136"},{"taxonomy":"post_tag","embeddable":true,"href":"https:\/\/www.las-islas-reisen.de\/magazin\/wp-json\/wp\/v2\/tags?post=2136"}],"curies":[{"name":"wp","href":"https:\/\/api.w.org\/{rel}","templated":true}]}}