{"id":294,"date":"2015-08-19T13:26:53","date_gmt":"2015-08-19T11:26:53","guid":{"rendered":"http:\/\/www.las-islas-reisen.de\/magazin\/?p=294"},"modified":"2026-03-12T09:13:40","modified_gmt":"2026-03-12T08:13:40","slug":"ensaimada-rezept","status":"publish","type":"post","link":"https:\/\/www.las-islas-reisen.de\/magazin\/ensaimada-rezept\/","title":{"rendered":"Mallorquinische Ensaimada backen &#8211; So geht&#8217;s!"},"content":{"rendered":"\n<p><strong>Die Ensaimada geh\u00f6rt nach Mallorca wie das Croissant nach Frankreich. Es gibt Urlauber, die sich erst auf der sch\u00f6nen Baleareninsel angekommen f\u00fchlen, wenn sie die traditionsreiche s\u00fc\u00dfe Hefeschnecke im Mund sp\u00fcren.<\/strong> <\/p>\n\n\n\n<p>Denn anders als das Croissant ist die Ensaimada noch nicht international verbreitet. Manche betrachten sie als Zauberwerk, das nur auf der Insel geb\u00fchrend zustande gebracht werden kann. Nun &#8211; ein Chianti schmeckt auch in der Toskana am besten. Damit die Ensaimada-Kunst in Deutschland ge\u00fcbt werden kann, verraten wir Rezept und Zutaten. Nur das Insel-Flair m\u00fcssen Sie sich vor Ort abholen.<\/p>\n\n\n\n<!--more-->\n\n\n\n<h3 class=\"wp-block-heading\">Ohne Schmalz geht gar nichts<\/h3>\n\n\n\n<p>Bereits im 17. Jahrhundert wurde die Ensaimada in der mallorquinischen K\u00fcchenliteratur erw\u00e4hnt. Lange galt sie als S\u00fc\u00dfigkeit der h\u00f6heren Schichten, die zusammen mit einer Tasse hei\u00dfer Schokolade genossen wurde. In eine Ensaimada geh\u00f6rt vor allen Dingen Schweineschmalz. Diese Zutat hat der Spezialit\u00e4t ihren Namen gegeben, denn saim bedeutet im Katalanischen Schmalz. Ensaimadas gibt es auf Mallorca gef\u00fcllt und ungef\u00fcllt. Die gef\u00fcllte Variante beherbergt in sich eine weitere mallorquinische Spezialit\u00e4t: das Engelshaar (K\u00fcrbiskonfit\u00fcre). Um die Dinge nicht unn\u00f6tig kompliziert zu machen, beschr\u00e4nken wir uns auf die ungef\u00fcllte Ensaimada.<\/p>\n\n\n\n<figure class=\"wp-block-embed is-type-video is-provider-vimeo wp-block-embed-vimeo wp-embed-aspect-21-9 wp-has-aspect-ratio\"><div class=\"wp-block-embed__wrapper\">\n <div class=\"brlbs-cmpnt-container brlbs-cmpnt-content-blocker brlbs-cmpnt-with-individual-styles\" data-borlabs-cookie-content-blocker-id=\"vimeo-content-blocker\" data-borlabs-cookie-content=\"PGlmcmFtZSB0aXRsZT0iRW5zYcOvbWFkYSAoNEspIiBzcmM9Imh0dHBzOi8vcGxheWVyLnZpbWVvLmNvbS92aWRlby8xOTI3MTEyMDg\/ZG50PTEmYW1wO2FwcF9pZD0xMjI5NjMiIHdpZHRoPSI3MjAiIGhlaWdodD0iMzAwIiBmcmFtZWJvcmRlcj0iMCIgYWxsb3c9ImF1dG9wbGF5OyBmdWxsc2NyZWVuOyBwaWN0dXJlLWluLXBpY3R1cmU7IGNsaXBib2FyZC13cml0ZTsgZW5jcnlwdGVkLW1lZGlhOyB3ZWItc2hhcmUiIHJlZmVycmVycG9saWN5PSJzdHJpY3Qtb3JpZ2luLXdoZW4tY3Jvc3Mtb3JpZ2luIj48L2lmcmFtZT4=\"><div class=\"brlbs-cmpnt-cb-preset-c brlbs-cmpnt-cb-vimeo\"> <div class=\"brlbs-cmpnt-cb-thumbnail\" style=\"background-image: url('https:\/\/www.las-islas-reisen.de\/magazin\/wp-content\/uploads\/borlabs-cookie\/1\/vimeo_192711208.jpg')\"><\/div> <div class=\"brlbs-cmpnt-cb-main\"> <div class=\"brlbs-cmpnt-cb-play-button\"><\/div> <div class=\"brlbs-cmpnt-cb-content\"> <p class=\"brlbs-cmpnt-cb-description\">Sie sehen gerade einen Platzhalterinhalt von <strong>Vimeo<\/strong>. Um auf den eigentlichen Inhalt zuzugreifen, klicken Sie auf die Schaltfl\u00e4che unten. Bitte beachten Sie, dass dabei Daten an Drittanbieter weitergegeben werden.<\/p> <a class=\"brlbs-cmpnt-cb-provider-toggle\" href=\"#\" data-borlabs-cookie-show-provider-information role=\"button\">Mehr Informationen<\/a> <\/div> <div class=\"brlbs-cmpnt-cb-buttons\"> <a class=\"brlbs-cmpnt-cb-btn\" href=\"#\" data-borlabs-cookie-unblock role=\"button\">Inhalt entsperren<\/a> <a class=\"brlbs-cmpnt-cb-btn\" href=\"#\" data-borlabs-cookie-accept-service role=\"button\" style=\"display: inherit\">Erforderlichen Service akzeptieren und Inhalte entsperren<\/a> <\/div> <\/div> <\/div><\/div>\n<\/div><\/figure>\n\n\n\n<h3 class=\"wp-block-heading\">Alchemisten und Ensaimada-B\u00e4cker<\/h3>\n\n\n\n<p>\u00dcber die H\u00e4lfte der mallorquinischen B\u00e4ckereien sind mehr als 150 Jahre alt. F\u00fcr die traditionsliebenden mallorquinischen Backk\u00fcnstler ist eine Ensaimada Alchemie. Die Rezepturen f\u00fcr Fermentierungen, Mehle und Schmalz werden geh\u00fctet wie die Formel f\u00fcr Coca Cola. Dennoch sollte es Ihnen gelingen, eine akzeptable Ensaimada herzustellen. Sie brauchen Geduld, \u00dcbung und folgende Zutaten.<\/p>\n\n\n\n<h3 class=\"wp-block-heading\">Zutaten<\/h3>\n\n\n\n<ul class=\"wp-block-list\">\n<li>1 kg Mehl<\/li>\n\n\n\n<li>200 g Schweineschmalz<\/li>\n\n\n\n<li>180 g Zucker<\/li>\n\n\n\n<li>5 Eier<\/li>\n\n\n\n<li>1 W\u00fcrfel frische Hefe<\/li>\n\n\n\n<li>300 ml Milch<\/li>\n\n\n\n<li>1 Prise Salz<\/li>\n<\/ul>\n\n\n\n<h3 class=\"wp-block-heading\">Ensaimada de Mallorca &#8211; Zubereitung<\/h3>\n\n\n\n<p>L\u00f6sen Sie die Hefe in der lauwarmen Milch auf. R\u00fchren Sie die H\u00e4lfte des Mehls ein. Kneten Sie nach und nach die Eier, den Zucker und das restliche Mehl unter. So entsteht ein fester, dehnbarer Teig. Nach 30 Minuten Ruhezeit wird dieser Teig d\u00fcnn ausgerollt und mit dem Schweineschmalz bestrichen. Teilen Sie ihn in 12 bis 15 St\u00fcck und drehen Sie diese St\u00fccke zu einer Teigschlange ein. Jetzt formen Sie aus der Teigschlange in zwei oder mehr Windungen eine Spirale. Immer gegen den Uhrzeigersinn, das ist Tradition. Jetzt kommen die rohen Ensaimadas aufs Backblech (Abstand einhalten) und m\u00fcssen noch mehrere Stunden ruhen, bis sie sich verdoppelt haben. <strong>15 Minuten bei 180 Grad<\/strong> im vorgeheizten Ofen backen. Und vergessen Sie nach dem Abk\u00fchlen den Puderzucker nicht. Mallorquinischer kann Deutschland nicht sein.<\/p>\n\n\n\n<h3 class=\"wp-block-heading\">[Video] Ensaimada als typisches Mitbringsel aus Mallorca<\/h3>\n\n\n\n<figure class=\"wp-block-embed is-type-video is-provider-youtube wp-block-embed-youtube wp-embed-aspect-16-9 wp-has-aspect-ratio\"><div class=\"wp-block-embed__wrapper\">\n <div class=\"brlbs-cmpnt-container brlbs-cmpnt-content-blocker brlbs-cmpnt-with-individual-styles\" data-borlabs-cookie-content-blocker-id=\"youtube-content-blocker\" data-borlabs-cookie-content=\"PGlmcmFtZSB0aXRsZT0iRW5zYWltYWRhIGRlIE1hbGxvcmNhIC0gbWFsbG9ycXVpbmlzY2hlIEhlZmV0ZWlnc2NobmVja2UiIHdpZHRoPSI3MjAiIGhlaWdodD0iNDA1IiBzcmM9Imh0dHBzOi8vd3d3LnlvdXR1YmUtbm9jb29raWUuY29tL2VtYmVkL19sQmlFZEtCTk5rP2ZlYXR1cmU9b2VtYmVkIiBmcmFtZWJvcmRlcj0iMCIgYWxsb3c9ImFjY2VsZXJvbWV0ZXI7IGF1dG9wbGF5OyBjbGlwYm9hcmQtd3JpdGU7IGVuY3J5cHRlZC1tZWRpYTsgZ3lyb3Njb3BlOyBwaWN0dXJlLWluLXBpY3R1cmU7IHdlYi1zaGFyZSIgcmVmZXJyZXJwb2xpY3k9InN0cmljdC1vcmlnaW4td2hlbi1jcm9zcy1vcmlnaW4iIGFsbG93ZnVsbHNjcmVlbj48L2lmcmFtZT4=\"><div class=\"brlbs-cmpnt-cb-preset-c brlbs-cmpnt-cb-youtube\"> <div class=\"brlbs-cmpnt-cb-thumbnail\" style=\"background-image: url('https:\/\/www.las-islas-reisen.de\/magazin\/wp-content\/uploads\/borlabs-cookie\/1\/yt__lBiEdKBNNk_hqdefault.jpg')\"><\/div> <div class=\"brlbs-cmpnt-cb-main\"> <div class=\"brlbs-cmpnt-cb-play-button\"><\/div> <div class=\"brlbs-cmpnt-cb-content\"> <p class=\"brlbs-cmpnt-cb-description\">Sie sehen gerade einen Platzhalterinhalt von <strong>YouTube<\/strong>. Um auf den eigentlichen Inhalt zuzugreifen, klicken Sie auf die Schaltfl\u00e4che unten. Bitte beachten Sie, dass dabei Daten an Drittanbieter weitergegeben werden.<\/p> <a class=\"brlbs-cmpnt-cb-provider-toggle\" href=\"#\" data-borlabs-cookie-show-provider-information role=\"button\">Mehr Informationen<\/a> <\/div> <div class=\"brlbs-cmpnt-cb-buttons\"> <a class=\"brlbs-cmpnt-cb-btn\" href=\"#\" data-borlabs-cookie-unblock role=\"button\">Inhalt entsperren<\/a> <a class=\"brlbs-cmpnt-cb-btn\" href=\"#\" data-borlabs-cookie-accept-service role=\"button\" style=\"display: inherit\">Erforderlichen Service akzeptieren und Inhalte entsperren<\/a> <\/div> <\/div> <\/div><\/div>\n<\/div><\/figure>\n\n\n\n<p><br>Foto: \u00a9 mariontxa\u00a0\u2013 Fotolia.com<\/p>\n","protected":false},"excerpt":{"rendered":"<p>Die Ensaimada geh\u00f6rt nach Mallorca wie das Croissant nach Frankreich. Es gibt Urlauber, die sich erst auf der sch\u00f6nen Baleareninsel angekommen f\u00fchlen, wenn sie die traditionsreiche s\u00fc\u00dfe Hefeschnecke im Mund sp\u00fcren. Denn anders als das Croissant ist die Ensaimada noch nicht international verbreitet. Manche betrachten sie als Zauberwerk, das nur auf der Insel geb\u00fchrend zustande&#8230;<\/p>\n","protected":false},"author":1,"featured_media":297,"comment_status":"open","ping_status":"open","sticky":false,"template":"","format":"standard","meta":{"_lmt_disableupdate":"","_lmt_disable":"","_kad_post_transparent":"","_kad_post_title":"","_kad_post_layout":"","_kad_post_sidebar_id":"","_kad_post_content_style":"","_kad_post_vertical_padding":"","_kad_post_feature":"","_kad_post_feature_position":"","_kad_post_header":false,"_kad_post_footer":false,"_kad_post_classname":"","footnotes":""},"categories":[20],"tags":[],"class_list":["post-294","post","type-post","status-publish","format-standard","has-post-thumbnail","hentry","category-rezepte"],"yoast_head":"<!-- This site is optimized with the Yoast SEO plugin v27.2 - https:\/\/yoast.com\/product\/yoast-seo-wordpress\/ -->\n<title>\u1405 Ensa\u00efmada de Mallorca Rezept<\/title>\n<meta name=\"description\" content=\"Die Ensaimada geh\u00f6rt nach Mallorca wie das Croissant nach Frankreich. Es gibt Urlauber, die sich erst auf der sch\u00f6nen Baleareninsel angekommen f\u00fchlen,\" \/>\n<meta name=\"robots\" content=\"index, follow, max-snippet:-1, max-image-preview:large, max-video-preview:-1\" \/>\n<link rel=\"canonical\" href=\"https:\/\/www.las-islas-reisen.de\/magazin\/ensaimada-rezept\/\" \/>\n<meta name=\"twitter:label1\" content=\"Verfasst von\" \/>\n\t<meta name=\"twitter:data1\" content=\"Las Islas Reisen\" \/>\n\t<meta name=\"twitter:label2\" content=\"Gesch\u00e4tzte Lesezeit\" \/>\n\t<meta name=\"twitter:data2\" content=\"3\u00a0Minuten\" \/>\n<script type=\"application\/ld+json\" class=\"yoast-schema-graph\">{\"@context\":\"https:\/\/schema.org\",\"@graph\":[{\"@type\":\"Article\",\"@id\":\"https:\/\/www.las-islas-reisen.de\/magazin\/ensaimada-rezept\/#article\",\"isPartOf\":{\"@id\":\"https:\/\/www.las-islas-reisen.de\/magazin\/ensaimada-rezept\/\"},\"author\":{\"name\":\"Las Islas Reisen\",\"@id\":\"https:\/\/www.las-islas-reisen.de\/magazin\/#\/schema\/person\/3518c9096bde8c3b0c3c5175ddda68f1\"},\"headline\":\"Mallorquinische Ensaimada backen &#8211; So geht&#8217;s!\",\"datePublished\":\"2015-08-19T11:26:53+00:00\",\"dateModified\":\"2026-03-12T08:13:40+00:00\",\"mainEntityOfPage\":{\"@id\":\"https:\/\/www.las-islas-reisen.de\/magazin\/ensaimada-rezept\/\"},\"wordCount\":454,\"commentCount\":0,\"publisher\":{\"@id\":\"https:\/\/www.las-islas-reisen.de\/magazin\/#organization\"},\"image\":{\"@id\":\"https:\/\/www.las-islas-reisen.de\/magazin\/ensaimada-rezept\/#primaryimage\"},\"thumbnailUrl\":\"https:\/\/www.las-islas-reisen.de\/magazin\/wp-content\/uploads\/2015\/08\/ensaimada.jpg\",\"articleSection\":[\"Rezepte\"],\"inLanguage\":\"de\",\"potentialAction\":[{\"@type\":\"CommentAction\",\"name\":\"Comment\",\"target\":[\"https:\/\/www.las-islas-reisen.de\/magazin\/ensaimada-rezept\/#respond\"]}]},{\"@type\":\"WebPage\",\"@id\":\"https:\/\/www.las-islas-reisen.de\/magazin\/ensaimada-rezept\/\",\"url\":\"https:\/\/www.las-islas-reisen.de\/magazin\/ensaimada-rezept\/\",\"name\":\"\u1405 Ensa\u00efmada de Mallorca Rezept\",\"isPartOf\":{\"@id\":\"https:\/\/www.las-islas-reisen.de\/magazin\/#website\"},\"primaryImageOfPage\":{\"@id\":\"https:\/\/www.las-islas-reisen.de\/magazin\/ensaimada-rezept\/#primaryimage\"},\"image\":{\"@id\":\"https:\/\/www.las-islas-reisen.de\/magazin\/ensaimada-rezept\/#primaryimage\"},\"thumbnailUrl\":\"https:\/\/www.las-islas-reisen.de\/magazin\/wp-content\/uploads\/2015\/08\/ensaimada.jpg\",\"datePublished\":\"2015-08-19T11:26:53+00:00\",\"dateModified\":\"2026-03-12T08:13:40+00:00\",\"description\":\"Die Ensaimada geh\u00f6rt nach Mallorca wie das Croissant nach Frankreich. Es gibt Urlauber, die sich erst auf der sch\u00f6nen Baleareninsel angekommen f\u00fchlen,\",\"breadcrumb\":{\"@id\":\"https:\/\/www.las-islas-reisen.de\/magazin\/ensaimada-rezept\/#breadcrumb\"},\"inLanguage\":\"de\",\"potentialAction\":[{\"@type\":\"ReadAction\",\"target\":[\"https:\/\/www.las-islas-reisen.de\/magazin\/ensaimada-rezept\/\"]}]},{\"@type\":\"ImageObject\",\"inLanguage\":\"de\",\"@id\":\"https:\/\/www.las-islas-reisen.de\/magazin\/ensaimada-rezept\/#primaryimage\",\"url\":\"https:\/\/www.las-islas-reisen.de\/magazin\/wp-content\/uploads\/2015\/08\/ensaimada.jpg\",\"contentUrl\":\"https:\/\/www.las-islas-reisen.de\/magazin\/wp-content\/uploads\/2015\/08\/ensaimada.jpg\",\"width\":670,\"height\":447,\"caption\":\"Ensa\u00efmada de Mallorca\"},{\"@type\":\"BreadcrumbList\",\"@id\":\"https:\/\/www.las-islas-reisen.de\/magazin\/ensaimada-rezept\/#breadcrumb\",\"itemListElement\":[{\"@type\":\"ListItem\",\"position\":1,\"name\":\"Home\",\"item\":\"https:\/\/www.las-islas-reisen.de\/magazin\/\"},{\"@type\":\"ListItem\",\"position\":2,\"name\":\"Mallorquinische Ensaimada backen &#8211; So geht&#8217;s!\"}]},{\"@type\":\"WebSite\",\"@id\":\"https:\/\/www.las-islas-reisen.de\/magazin\/#website\",\"url\":\"https:\/\/www.las-islas-reisen.de\/magazin\/\",\"name\":\"\",\"description\":\"\",\"publisher\":{\"@id\":\"https:\/\/www.las-islas-reisen.de\/magazin\/#organization\"},\"potentialAction\":[{\"@type\":\"SearchAction\",\"target\":{\"@type\":\"EntryPoint\",\"urlTemplate\":\"https:\/\/www.las-islas-reisen.de\/magazin\/?s={search_term_string}\"},\"query-input\":{\"@type\":\"PropertyValueSpecification\",\"valueRequired\":true,\"valueName\":\"search_term_string\"}}],\"inLanguage\":\"de\"},{\"@type\":\"Organization\",\"@id\":\"https:\/\/www.las-islas-reisen.de\/magazin\/#organization\",\"name\":\"Las Islas Reisen GmbH\",\"url\":\"https:\/\/www.las-islas-reisen.de\/magazin\/\",\"logo\":{\"@type\":\"ImageObject\",\"inLanguage\":\"de\",\"@id\":\"https:\/\/www.las-islas-reisen.de\/magazin\/#\/schema\/logo\/image\/\",\"url\":\"https:\/\/www.las-islas-reisen.de\/magazin\/wp-content\/uploads\/2015\/06\/logo6.jpg\",\"contentUrl\":\"https:\/\/www.las-islas-reisen.de\/magazin\/wp-content\/uploads\/2015\/06\/logo6.jpg\",\"width\":700,\"height\":700,\"caption\":\"Las Islas Reisen GmbH\"},\"image\":{\"@id\":\"https:\/\/www.las-islas-reisen.de\/magazin\/#\/schema\/logo\/image\/\"}},{\"@type\":\"Person\",\"@id\":\"https:\/\/www.las-islas-reisen.de\/magazin\/#\/schema\/person\/3518c9096bde8c3b0c3c5175ddda68f1\",\"name\":\"Las Islas Reisen\"}]}<\/script>\n<!-- \/ Yoast SEO plugin. -->","yoast_head_json":{"title":"\u1405 Ensa\u00efmada de Mallorca Rezept","description":"Die Ensaimada geh\u00f6rt nach Mallorca wie das Croissant nach Frankreich. Es gibt Urlauber, die sich erst auf der sch\u00f6nen Baleareninsel angekommen f\u00fchlen,","robots":{"index":"index","follow":"follow","max-snippet":"max-snippet:-1","max-image-preview":"max-image-preview:large","max-video-preview":"max-video-preview:-1"},"canonical":"https:\/\/www.las-islas-reisen.de\/magazin\/ensaimada-rezept\/","twitter_misc":{"Verfasst von":"Las Islas Reisen","Gesch\u00e4tzte Lesezeit":"3\u00a0Minuten"},"schema":{"@context":"https:\/\/schema.org","@graph":[{"@type":"Article","@id":"https:\/\/www.las-islas-reisen.de\/magazin\/ensaimada-rezept\/#article","isPartOf":{"@id":"https:\/\/www.las-islas-reisen.de\/magazin\/ensaimada-rezept\/"},"author":{"name":"Las Islas Reisen","@id":"https:\/\/www.las-islas-reisen.de\/magazin\/#\/schema\/person\/3518c9096bde8c3b0c3c5175ddda68f1"},"headline":"Mallorquinische Ensaimada backen &#8211; So geht&#8217;s!","datePublished":"2015-08-19T11:26:53+00:00","dateModified":"2026-03-12T08:13:40+00:00","mainEntityOfPage":{"@id":"https:\/\/www.las-islas-reisen.de\/magazin\/ensaimada-rezept\/"},"wordCount":454,"commentCount":0,"publisher":{"@id":"https:\/\/www.las-islas-reisen.de\/magazin\/#organization"},"image":{"@id":"https:\/\/www.las-islas-reisen.de\/magazin\/ensaimada-rezept\/#primaryimage"},"thumbnailUrl":"https:\/\/www.las-islas-reisen.de\/magazin\/wp-content\/uploads\/2015\/08\/ensaimada.jpg","articleSection":["Rezepte"],"inLanguage":"de","potentialAction":[{"@type":"CommentAction","name":"Comment","target":["https:\/\/www.las-islas-reisen.de\/magazin\/ensaimada-rezept\/#respond"]}]},{"@type":"WebPage","@id":"https:\/\/www.las-islas-reisen.de\/magazin\/ensaimada-rezept\/","url":"https:\/\/www.las-islas-reisen.de\/magazin\/ensaimada-rezept\/","name":"\u1405 Ensa\u00efmada de Mallorca Rezept","isPartOf":{"@id":"https:\/\/www.las-islas-reisen.de\/magazin\/#website"},"primaryImageOfPage":{"@id":"https:\/\/www.las-islas-reisen.de\/magazin\/ensaimada-rezept\/#primaryimage"},"image":{"@id":"https:\/\/www.las-islas-reisen.de\/magazin\/ensaimada-rezept\/#primaryimage"},"thumbnailUrl":"https:\/\/www.las-islas-reisen.de\/magazin\/wp-content\/uploads\/2015\/08\/ensaimada.jpg","datePublished":"2015-08-19T11:26:53+00:00","dateModified":"2026-03-12T08:13:40+00:00","description":"Die Ensaimada geh\u00f6rt nach Mallorca wie das Croissant nach Frankreich. Es gibt Urlauber, die sich erst auf der sch\u00f6nen Baleareninsel angekommen f\u00fchlen,","breadcrumb":{"@id":"https:\/\/www.las-islas-reisen.de\/magazin\/ensaimada-rezept\/#breadcrumb"},"inLanguage":"de","potentialAction":[{"@type":"ReadAction","target":["https:\/\/www.las-islas-reisen.de\/magazin\/ensaimada-rezept\/"]}]},{"@type":"ImageObject","inLanguage":"de","@id":"https:\/\/www.las-islas-reisen.de\/magazin\/ensaimada-rezept\/#primaryimage","url":"https:\/\/www.las-islas-reisen.de\/magazin\/wp-content\/uploads\/2015\/08\/ensaimada.jpg","contentUrl":"https:\/\/www.las-islas-reisen.de\/magazin\/wp-content\/uploads\/2015\/08\/ensaimada.jpg","width":670,"height":447,"caption":"Ensa\u00efmada de Mallorca"},{"@type":"BreadcrumbList","@id":"https:\/\/www.las-islas-reisen.de\/magazin\/ensaimada-rezept\/#breadcrumb","itemListElement":[{"@type":"ListItem","position":1,"name":"Home","item":"https:\/\/www.las-islas-reisen.de\/magazin\/"},{"@type":"ListItem","position":2,"name":"Mallorquinische Ensaimada backen &#8211; So geht&#8217;s!"}]},{"@type":"WebSite","@id":"https:\/\/www.las-islas-reisen.de\/magazin\/#website","url":"https:\/\/www.las-islas-reisen.de\/magazin\/","name":"","description":"","publisher":{"@id":"https:\/\/www.las-islas-reisen.de\/magazin\/#organization"},"potentialAction":[{"@type":"SearchAction","target":{"@type":"EntryPoint","urlTemplate":"https:\/\/www.las-islas-reisen.de\/magazin\/?s={search_term_string}"},"query-input":{"@type":"PropertyValueSpecification","valueRequired":true,"valueName":"search_term_string"}}],"inLanguage":"de"},{"@type":"Organization","@id":"https:\/\/www.las-islas-reisen.de\/magazin\/#organization","name":"Las Islas Reisen GmbH","url":"https:\/\/www.las-islas-reisen.de\/magazin\/","logo":{"@type":"ImageObject","inLanguage":"de","@id":"https:\/\/www.las-islas-reisen.de\/magazin\/#\/schema\/logo\/image\/","url":"https:\/\/www.las-islas-reisen.de\/magazin\/wp-content\/uploads\/2015\/06\/logo6.jpg","contentUrl":"https:\/\/www.las-islas-reisen.de\/magazin\/wp-content\/uploads\/2015\/06\/logo6.jpg","width":700,"height":700,"caption":"Las Islas Reisen GmbH"},"image":{"@id":"https:\/\/www.las-islas-reisen.de\/magazin\/#\/schema\/logo\/image\/"}},{"@type":"Person","@id":"https:\/\/www.las-islas-reisen.de\/magazin\/#\/schema\/person\/3518c9096bde8c3b0c3c5175ddda68f1","name":"Las Islas Reisen"}]}},"modified_by":"Las Islas Reisen","_links":{"self":[{"href":"https:\/\/www.las-islas-reisen.de\/magazin\/wp-json\/wp\/v2\/posts\/294","targetHints":{"allow":["GET"]}}],"collection":[{"href":"https:\/\/www.las-islas-reisen.de\/magazin\/wp-json\/wp\/v2\/posts"}],"about":[{"href":"https:\/\/www.las-islas-reisen.de\/magazin\/wp-json\/wp\/v2\/types\/post"}],"author":[{"embeddable":true,"href":"https:\/\/www.las-islas-reisen.de\/magazin\/wp-json\/wp\/v2\/users\/1"}],"replies":[{"embeddable":true,"href":"https:\/\/www.las-islas-reisen.de\/magazin\/wp-json\/wp\/v2\/comments?post=294"}],"version-history":[{"count":3,"href":"https:\/\/www.las-islas-reisen.de\/magazin\/wp-json\/wp\/v2\/posts\/294\/revisions"}],"predecessor-version":[{"id":3245,"href":"https:\/\/www.las-islas-reisen.de\/magazin\/wp-json\/wp\/v2\/posts\/294\/revisions\/3245"}],"wp:featuredmedia":[{"embeddable":true,"href":"https:\/\/www.las-islas-reisen.de\/magazin\/wp-json\/wp\/v2\/media\/297"}],"wp:attachment":[{"href":"https:\/\/www.las-islas-reisen.de\/magazin\/wp-json\/wp\/v2\/media?parent=294"}],"wp:term":[{"taxonomy":"category","embeddable":true,"href":"https:\/\/www.las-islas-reisen.de\/magazin\/wp-json\/wp\/v2\/categories?post=294"},{"taxonomy":"post_tag","embeddable":true,"href":"https:\/\/www.las-islas-reisen.de\/magazin\/wp-json\/wp\/v2\/tags?post=294"}],"curies":[{"name":"wp","href":"https:\/\/api.w.org\/{rel}","templated":true}]}}