{"id":3131,"date":"2024-10-30T11:14:00","date_gmt":"2024-10-30T10:14:00","guid":{"rendered":"https:\/\/www.las-islas-reisen.de\/magazin\/?p=3131"},"modified":"2026-03-12T10:05:17","modified_gmt":"2026-03-12T09:05:17","slug":"mallorca-im-herbst","status":"publish","type":"post","link":"https:\/\/www.las-islas-reisen.de\/magazin\/mallorca-im-herbst\/","title":{"rendered":"Mallorca im Herbst \u2013 die besten Tipps"},"content":{"rendered":"\n<p><strong>Mallorca ist im Herbst ein echter Geheimtipp f\u00fcr Reisende, die die Insel einmal anders erleben m\u00f6chten. Die Hochsaison ist vorbei, die Temperaturen sind angenehm mild, und die Str\u00e4nde sowie Sehensw\u00fcrdigkeiten sind deutlich weniger \u00fcberlaufen. <\/strong><\/p>\n\n\n\n<p>Das sanftere Licht und die warme Herbstsonne verleihen der Insel <strong>ein besonderes Flair<\/strong>, das viele Besucher als entspannter und authentischer empfinden. Wer im Herbst nach Mallorca reist, erlebt die perfekte Mischung aus sp\u00e4tsommerlichem Wetter und entspannter Atmosph\u00e4re, ideal f\u00fcr alle, die Ruhe und Natur sch\u00e4tzen.<\/p>\n\n\n\n<h2 class=\"wp-block-heading\">Das Wetter auf Mallorca im Herbst<\/h2>\n\n\n\n<p>Der Herbst auf Mallorca ist angenehm warm, mit Temperaturen, die in den Monaten September und Oktober h\u00e4ufig noch knapp \u00fcber 20 \u00b0C liegen. Auch im November bleibt es mit durchschnittlichen Tagesh\u00f6chstwerten von 10\u201318 \u00b0C mild. <\/p>\n\n\n\n<p>Die Sonnenstunden pro Tag nehmen zwar ab, aber Regenf\u00e4lle sind meistens kurz und erfrischend, sodass Aktivit\u00e4ten im Freien kaum beeintr\u00e4chtigt werden. Besonders die Monate September und Oktober gelten noch als beste Reisezeit, da das Wasser nach dem hei\u00dfen Sommer noch angenehm warm ist.<\/p>\n\n\n\n<h2 class=\"wp-block-heading\">Strandtage im Herbst genie\u00dfen<\/h2>\n\n\n\n<p>Auch wenn der Sommer offiziell vorbei ist, laden Mallorcas Str\u00e4nde im Herbst weiterhin zum Entspannen ein. Viele Buchten sind weniger besucht, sodass man hier die Natur in aller Ruhe genie\u00dfen kann. Die bekannten Str\u00e4nde wie <a href=\"https:\/\/www.las-islas-reisen.de\/mallorca\/es-trenc.php\">Es Trenc<\/a> oder <a href=\"https:\/\/www.las-islas-reisen.de\/mallorca\/cala-mesquida.php\">Cala Mesquida<\/a> sind im Herbst wesentlich leerer und bieten Platz f\u00fcr ausgedehnte Strandspazierg\u00e4nge. Selbst <strong>Schwimmen ist oft noch bis Ende Oktober m\u00f6glich<\/strong>, denn das Mittelmeer speichert die W\u00e4rme des Sommers und k\u00fchlt nur langsam ab.<\/p>\n\n\n\n<h2 class=\"wp-block-heading\">Aktivit\u00e4ten und Outdoor-Abenteuer<\/h2>\n\n\n\n<p>F\u00fcr Aktivurlauber ist der Herbst eine ideale Reisezeit. Die Temperaturen sind perfekt f\u00fcr Wanderungen in den Tramuntana-Bergen und auch Radtouren lassen sich ohne die starke Sommerhitze genie\u00dfen. Die Wege sind weniger frequentiert, was die Erlebnisse noch intensiver macht.<\/p>\n\n\n\n<p>Bootstouren und Kajakausfl\u00fcge sind ebenfalls reizvoll, da das Meer oft ruhig und klar ist. In den Naturparks wie dem <a href=\"https:\/\/www.las-islas-reisen.de\/mallorca\/albufera-park.php\">S&#8217;Albufera<\/a> oder <a href=\"https:\/\/www.las-islas-reisen.de\/mallorca\/cala-mondrago.php\">Mondrag\u00f3<\/a> lassen sich Zugv\u00f6gel beobachten und die Olivenernte erleben \u2013 eine tolle M\u00f6glichkeit, Mallorcas landschaftliche Vielfalt zu genie\u00dfen.<\/p>\n\n\n\n<h2 class=\"wp-block-heading\">Kulturelle Highlights und Feste im Herbst<\/h2>\n\n\n\n<p>Der Herbst ist eine lebhafte Zeit auf Mallorca, in der viele traditionelle Feste stattfinden. Besonders sehenswert ist das Weinlesefest in Binissalem im September, bei dem die Ernte des Weinjahres gefeiert wird. Im Oktober lockt das Pilgerfest in Lluc viele Besucher an, und auf den Herbstm\u00e4rkten in D\u00f6rfern wie Santanyi oder Manacor k\u00f6nnen regionale Produkte verkostet werden. Diese Feste bieten eine wunderbare Gelegenheit, die lokale Kultur und mallorquinische Traditionen hautnah zu erleben.<\/p>\n\n\n\n<h2 class=\"wp-block-heading\">Kulinarische Erlebnisse im Herbst<\/h2>\n\n\n\n<p>Mit dem Herbst beginnt auf Mallorca die Zeit der herbstlichen Gen\u00fcsse. Die Saison f\u00fcr Pilze und Kastanien ist in vollem Gange, und auch die Weinernte bringt frischen Inselwein auf den Tisch. Die Wochenm\u00e4rkte bieten eine reiche Auswahl an saisonalem Obst und Gem\u00fcse, das direkt aus der Region stammt. Weing\u00fcter und Bodegas laden zu Weinproben ein, und in vielen Restaurants stehen herbstliche Spezialit\u00e4ten wie K\u00fcrbissuppe oder Lammgerichte auf der Karte. Genie\u00dfer kommen hier voll auf ihre Kosten.<\/p>\n\n\n\n<h2 class=\"wp-block-heading\">Ruhe und Erholung: Wellness und Entspannung<\/h2>\n\n\n\n<p>Wer im Herbst nach Mallorca reist, findet auf der Insel zahlreiche Orte, um K\u00f6rper und Geist zu entspannen. Viele Hotels und Wellnesszentren bieten besondere Herbstangebote f\u00fcr Massagen und Spa-Anwendungen an, die den Erholungsfaktor zus\u00e4tzlich steigern. Auch die ruhige Atmosph\u00e4re abseits des Sommers l\u00e4dt dazu ein, bei Strandmeditationen oder Yoga-Stunden direkt am Meer neue Energie zu tanken. Einige der sch\u00f6nsten Wellness-Oasen der Insel befinden sich in den Bergen oder an der K\u00fcste und bieten Entspannung mit beeindruckendem Ausblick.<\/p>\n\n\n\n<h2 class=\"wp-block-heading\">Fincas und Ferienh\u00e4user im Herbst mieten<\/h2>\n\n\n\n<p>Ein Ferienhaus oder eine Finca zu mieten, ist im Herbst besonders empfehlenswert, da die Preise g\u00fcnstiger sind und die Insel weniger besucht ist. In den ruhigeren Monaten l\u00e4sst sich das l\u00e4ndliche Mallorca <a href=\"https:\/\/www.las-islas-reisen.de\/mallorca\/finca-mallorca.php\">in einer authentischen Finca oder einem komfortablen Ferienhaus<\/a> wunderbar erleben. <\/p>\n\n\n\n<p>Viele der Unterk\u00fcnfte liegen idyllisch in der Natur, fernab vom Trubel und in der N\u00e4he von Wander- und Radwegen. So kann man die Sch\u00f6nheit der Landschaft in vollen Z\u00fcgen genie\u00dfen und die Annehmlichkeiten eines eigenen Hauses auskosten.<\/p>\n\n\n\n<h2 class=\"wp-block-heading\">Praktische Tipps f\u00fcr den Herbsturlaub<\/h2>\n\n\n\n<p>F\u00fcr den Herbsturlaub auf Mallorca empfiehlt es sich, vorab einen Mietwagen zu buchen, um flexibel die verschiedenen Orte und Attraktionen der Insel erkunden zu k\u00f6nnen. Da es gelegentlich zu Regenschauern kommen kann, ist es ratsam, einen Regenschutz oder wetterfeste Kleidung mitzunehmen. <\/p>\n\n\n\n<p>Die Restaurants und Caf\u00e9s in den D\u00f6rfern sind im Herbst weniger besucht, sodass man auch ohne Reservierung in den Genuss mallorquinischer Spezialit\u00e4ten kommen kann. Die Herbstmonate bieten ideale Bedingungen f\u00fcr einen entspannten und vielf\u00e4ltigen Urlaub.<\/p>\n\n\n\n<h2 class=\"wp-block-heading\">Fazit<\/h2>\n\n\n\n<p>Mallorca im Herbst ist ein Reiseziel, das viele Vorteile bietet: weniger Touristen, mildes Wetter, eine reizvolle Natur und kulturelle Highlights. Wer die Insel in dieser besonderen Jahreszeit besucht, erlebt eine entschleunigte, erholsame Seite von Mallorca, die im Sommer leicht \u00fcbersehen wird. Ob Strandspaziergang, Wanderung oder kulturelle Entdeckungstour \u2013 Mallorca im Herbst ist ein Geheimtipp f\u00fcr alle, die eine ruhige Auszeit suchen und gleichzeitig die vielf\u00e4ltigen Facetten der Insel entdecken m\u00f6chten.<\/p>\n","protected":false},"excerpt":{"rendered":"<p>Mallorca ist im Herbst ein echter Geheimtipp f\u00fcr Reisende, die die Insel einmal anders erleben m\u00f6chten. Die Hochsaison ist vorbei, die Temperaturen sind angenehm mild, und die Str\u00e4nde sowie Sehensw\u00fcrdigkeiten sind deutlich weniger \u00fcberlaufen. Das sanftere Licht und die warme Herbstsonne verleihen der Insel ein besonderes Flair, das viele Besucher als entspannter und authentischer empfinden&#8230;.<\/p>\n","protected":false},"author":1,"featured_media":2214,"comment_status":"open","ping_status":"open","sticky":false,"template":"","format":"standard","meta":{"_lmt_disableupdate":"","_lmt_disable":"","_kad_post_transparent":"","_kad_post_title":"","_kad_post_layout":"","_kad_post_sidebar_id":"","_kad_post_content_style":"","_kad_post_vertical_padding":"","_kad_post_feature":"","_kad_post_feature_position":"","_kad_post_header":false,"_kad_post_footer":false,"_kad_post_classname":"","footnotes":""},"categories":[1],"tags":[],"class_list":["post-3131","post","type-post","status-publish","format-standard","has-post-thumbnail","hentry","category-mallorca"],"yoast_head":"<!-- This site is optimized with the Yoast SEO plugin v27.2 - https:\/\/yoast.com\/product\/yoast-seo-wordpress\/ -->\n<title>\u1405 Mallorca im Herbst \u2013 die besten Tipps<\/title>\n<meta name=\"description\" content=\"Mallorca ist im Herbst ein echter Geheimtipp f\u00fcr Reisende, die die Insel einmal anders erleben m\u00f6chten. Die Hochsaison ist vorbei, die Temperaturen sind\" \/>\n<meta name=\"robots\" content=\"index, follow, max-snippet:-1, max-image-preview:large, max-video-preview:-1\" \/>\n<link rel=\"canonical\" href=\"https:\/\/www.las-islas-reisen.de\/magazin\/mallorca-im-herbst\/\" \/>\n<meta name=\"twitter:label1\" content=\"Verfasst von\" \/>\n\t<meta name=\"twitter:data1\" content=\"Las Islas Reisen\" \/>\n\t<meta name=\"twitter:label2\" content=\"Gesch\u00e4tzte Lesezeit\" \/>\n\t<meta name=\"twitter:data2\" content=\"5\u00a0Minuten\" \/>\n<script type=\"application\/ld+json\" class=\"yoast-schema-graph\">{\"@context\":\"https:\/\/schema.org\",\"@graph\":[{\"@type\":\"Article\",\"@id\":\"https:\/\/www.las-islas-reisen.de\/magazin\/mallorca-im-herbst\/#article\",\"isPartOf\":{\"@id\":\"https:\/\/www.las-islas-reisen.de\/magazin\/mallorca-im-herbst\/\"},\"author\":{\"name\":\"Las Islas Reisen\",\"@id\":\"https:\/\/www.las-islas-reisen.de\/magazin\/#\/schema\/person\/3518c9096bde8c3b0c3c5175ddda68f1\"},\"headline\":\"Mallorca im Herbst \u2013 die besten Tipps\",\"datePublished\":\"2024-10-30T10:14:00+00:00\",\"dateModified\":\"2026-03-12T09:05:17+00:00\",\"mainEntityOfPage\":{\"@id\":\"https:\/\/www.las-islas-reisen.de\/magazin\/mallorca-im-herbst\/\"},\"wordCount\":868,\"commentCount\":0,\"publisher\":{\"@id\":\"https:\/\/www.las-islas-reisen.de\/magazin\/#organization\"},\"image\":{\"@id\":\"https:\/\/www.las-islas-reisen.de\/magazin\/mallorca-im-herbst\/#primaryimage\"},\"thumbnailUrl\":\"https:\/\/www.las-islas-reisen.de\/magazin\/wp-content\/uploads\/2017\/08\/fest-dekoration-marktplatz.jpg\",\"articleSection\":[\"Mallorca\"],\"inLanguage\":\"de\",\"potentialAction\":[{\"@type\":\"CommentAction\",\"name\":\"Comment\",\"target\":[\"https:\/\/www.las-islas-reisen.de\/magazin\/mallorca-im-herbst\/#respond\"]}]},{\"@type\":\"WebPage\",\"@id\":\"https:\/\/www.las-islas-reisen.de\/magazin\/mallorca-im-herbst\/\",\"url\":\"https:\/\/www.las-islas-reisen.de\/magazin\/mallorca-im-herbst\/\",\"name\":\"\u1405 Mallorca im Herbst \u2013 die besten Tipps\",\"isPartOf\":{\"@id\":\"https:\/\/www.las-islas-reisen.de\/magazin\/#website\"},\"primaryImageOfPage\":{\"@id\":\"https:\/\/www.las-islas-reisen.de\/magazin\/mallorca-im-herbst\/#primaryimage\"},\"image\":{\"@id\":\"https:\/\/www.las-islas-reisen.de\/magazin\/mallorca-im-herbst\/#primaryimage\"},\"thumbnailUrl\":\"https:\/\/www.las-islas-reisen.de\/magazin\/wp-content\/uploads\/2017\/08\/fest-dekoration-marktplatz.jpg\",\"datePublished\":\"2024-10-30T10:14:00+00:00\",\"dateModified\":\"2026-03-12T09:05:17+00:00\",\"description\":\"Mallorca ist im Herbst ein echter Geheimtipp f\u00fcr Reisende, die die Insel einmal anders erleben m\u00f6chten. Die Hochsaison ist vorbei, die Temperaturen sind\",\"breadcrumb\":{\"@id\":\"https:\/\/www.las-islas-reisen.de\/magazin\/mallorca-im-herbst\/#breadcrumb\"},\"inLanguage\":\"de\",\"potentialAction\":[{\"@type\":\"ReadAction\",\"target\":[\"https:\/\/www.las-islas-reisen.de\/magazin\/mallorca-im-herbst\/\"]}]},{\"@type\":\"ImageObject\",\"inLanguage\":\"de\",\"@id\":\"https:\/\/www.las-islas-reisen.de\/magazin\/mallorca-im-herbst\/#primaryimage\",\"url\":\"https:\/\/www.las-islas-reisen.de\/magazin\/wp-content\/uploads\/2017\/08\/fest-dekoration-marktplatz.jpg\",\"contentUrl\":\"https:\/\/www.las-islas-reisen.de\/magazin\/wp-content\/uploads\/2017\/08\/fest-dekoration-marktplatz.jpg\",\"width\":670,\"height\":438,\"caption\":\"Fest auf Mallorca\"},{\"@type\":\"BreadcrumbList\",\"@id\":\"https:\/\/www.las-islas-reisen.de\/magazin\/mallorca-im-herbst\/#breadcrumb\",\"itemListElement\":[{\"@type\":\"ListItem\",\"position\":1,\"name\":\"Home\",\"item\":\"https:\/\/www.las-islas-reisen.de\/magazin\/\"},{\"@type\":\"ListItem\",\"position\":2,\"name\":\"Mallorca im Herbst \u2013 die besten Tipps\"}]},{\"@type\":\"WebSite\",\"@id\":\"https:\/\/www.las-islas-reisen.de\/magazin\/#website\",\"url\":\"https:\/\/www.las-islas-reisen.de\/magazin\/\",\"name\":\"\",\"description\":\"\",\"publisher\":{\"@id\":\"https:\/\/www.las-islas-reisen.de\/magazin\/#organization\"},\"potentialAction\":[{\"@type\":\"SearchAction\",\"target\":{\"@type\":\"EntryPoint\",\"urlTemplate\":\"https:\/\/www.las-islas-reisen.de\/magazin\/?s={search_term_string}\"},\"query-input\":{\"@type\":\"PropertyValueSpecification\",\"valueRequired\":true,\"valueName\":\"search_term_string\"}}],\"inLanguage\":\"de\"},{\"@type\":\"Organization\",\"@id\":\"https:\/\/www.las-islas-reisen.de\/magazin\/#organization\",\"name\":\"Las Islas Reisen GmbH\",\"url\":\"https:\/\/www.las-islas-reisen.de\/magazin\/\",\"logo\":{\"@type\":\"ImageObject\",\"inLanguage\":\"de\",\"@id\":\"https:\/\/www.las-islas-reisen.de\/magazin\/#\/schema\/logo\/image\/\",\"url\":\"https:\/\/www.las-islas-reisen.de\/magazin\/wp-content\/uploads\/2015\/06\/logo6.jpg\",\"contentUrl\":\"https:\/\/www.las-islas-reisen.de\/magazin\/wp-content\/uploads\/2015\/06\/logo6.jpg\",\"width\":700,\"height\":700,\"caption\":\"Las Islas Reisen GmbH\"},\"image\":{\"@id\":\"https:\/\/www.las-islas-reisen.de\/magazin\/#\/schema\/logo\/image\/\"}},{\"@type\":\"Person\",\"@id\":\"https:\/\/www.las-islas-reisen.de\/magazin\/#\/schema\/person\/3518c9096bde8c3b0c3c5175ddda68f1\",\"name\":\"Las Islas Reisen\"}]}<\/script>\n<!-- \/ Yoast SEO plugin. -->","yoast_head_json":{"title":"\u1405 Mallorca im Herbst \u2013 die besten Tipps","description":"Mallorca ist im Herbst ein echter Geheimtipp f\u00fcr Reisende, die die Insel einmal anders erleben m\u00f6chten. Die Hochsaison ist vorbei, die Temperaturen sind","robots":{"index":"index","follow":"follow","max-snippet":"max-snippet:-1","max-image-preview":"max-image-preview:large","max-video-preview":"max-video-preview:-1"},"canonical":"https:\/\/www.las-islas-reisen.de\/magazin\/mallorca-im-herbst\/","twitter_misc":{"Verfasst von":"Las Islas Reisen","Gesch\u00e4tzte Lesezeit":"5\u00a0Minuten"},"schema":{"@context":"https:\/\/schema.org","@graph":[{"@type":"Article","@id":"https:\/\/www.las-islas-reisen.de\/magazin\/mallorca-im-herbst\/#article","isPartOf":{"@id":"https:\/\/www.las-islas-reisen.de\/magazin\/mallorca-im-herbst\/"},"author":{"name":"Las Islas Reisen","@id":"https:\/\/www.las-islas-reisen.de\/magazin\/#\/schema\/person\/3518c9096bde8c3b0c3c5175ddda68f1"},"headline":"Mallorca im Herbst \u2013 die besten Tipps","datePublished":"2024-10-30T10:14:00+00:00","dateModified":"2026-03-12T09:05:17+00:00","mainEntityOfPage":{"@id":"https:\/\/www.las-islas-reisen.de\/magazin\/mallorca-im-herbst\/"},"wordCount":868,"commentCount":0,"publisher":{"@id":"https:\/\/www.las-islas-reisen.de\/magazin\/#organization"},"image":{"@id":"https:\/\/www.las-islas-reisen.de\/magazin\/mallorca-im-herbst\/#primaryimage"},"thumbnailUrl":"https:\/\/www.las-islas-reisen.de\/magazin\/wp-content\/uploads\/2017\/08\/fest-dekoration-marktplatz.jpg","articleSection":["Mallorca"],"inLanguage":"de","potentialAction":[{"@type":"CommentAction","name":"Comment","target":["https:\/\/www.las-islas-reisen.de\/magazin\/mallorca-im-herbst\/#respond"]}]},{"@type":"WebPage","@id":"https:\/\/www.las-islas-reisen.de\/magazin\/mallorca-im-herbst\/","url":"https:\/\/www.las-islas-reisen.de\/magazin\/mallorca-im-herbst\/","name":"\u1405 Mallorca im Herbst \u2013 die besten Tipps","isPartOf":{"@id":"https:\/\/www.las-islas-reisen.de\/magazin\/#website"},"primaryImageOfPage":{"@id":"https:\/\/www.las-islas-reisen.de\/magazin\/mallorca-im-herbst\/#primaryimage"},"image":{"@id":"https:\/\/www.las-islas-reisen.de\/magazin\/mallorca-im-herbst\/#primaryimage"},"thumbnailUrl":"https:\/\/www.las-islas-reisen.de\/magazin\/wp-content\/uploads\/2017\/08\/fest-dekoration-marktplatz.jpg","datePublished":"2024-10-30T10:14:00+00:00","dateModified":"2026-03-12T09:05:17+00:00","description":"Mallorca ist im Herbst ein echter Geheimtipp f\u00fcr Reisende, die die Insel einmal anders erleben m\u00f6chten. Die Hochsaison ist vorbei, die Temperaturen sind","breadcrumb":{"@id":"https:\/\/www.las-islas-reisen.de\/magazin\/mallorca-im-herbst\/#breadcrumb"},"inLanguage":"de","potentialAction":[{"@type":"ReadAction","target":["https:\/\/www.las-islas-reisen.de\/magazin\/mallorca-im-herbst\/"]}]},{"@type":"ImageObject","inLanguage":"de","@id":"https:\/\/www.las-islas-reisen.de\/magazin\/mallorca-im-herbst\/#primaryimage","url":"https:\/\/www.las-islas-reisen.de\/magazin\/wp-content\/uploads\/2017\/08\/fest-dekoration-marktplatz.jpg","contentUrl":"https:\/\/www.las-islas-reisen.de\/magazin\/wp-content\/uploads\/2017\/08\/fest-dekoration-marktplatz.jpg","width":670,"height":438,"caption":"Fest auf Mallorca"},{"@type":"BreadcrumbList","@id":"https:\/\/www.las-islas-reisen.de\/magazin\/mallorca-im-herbst\/#breadcrumb","itemListElement":[{"@type":"ListItem","position":1,"name":"Home","item":"https:\/\/www.las-islas-reisen.de\/magazin\/"},{"@type":"ListItem","position":2,"name":"Mallorca im Herbst \u2013 die besten Tipps"}]},{"@type":"WebSite","@id":"https:\/\/www.las-islas-reisen.de\/magazin\/#website","url":"https:\/\/www.las-islas-reisen.de\/magazin\/","name":"","description":"","publisher":{"@id":"https:\/\/www.las-islas-reisen.de\/magazin\/#organization"},"potentialAction":[{"@type":"SearchAction","target":{"@type":"EntryPoint","urlTemplate":"https:\/\/www.las-islas-reisen.de\/magazin\/?s={search_term_string}"},"query-input":{"@type":"PropertyValueSpecification","valueRequired":true,"valueName":"search_term_string"}}],"inLanguage":"de"},{"@type":"Organization","@id":"https:\/\/www.las-islas-reisen.de\/magazin\/#organization","name":"Las Islas Reisen GmbH","url":"https:\/\/www.las-islas-reisen.de\/magazin\/","logo":{"@type":"ImageObject","inLanguage":"de","@id":"https:\/\/www.las-islas-reisen.de\/magazin\/#\/schema\/logo\/image\/","url":"https:\/\/www.las-islas-reisen.de\/magazin\/wp-content\/uploads\/2015\/06\/logo6.jpg","contentUrl":"https:\/\/www.las-islas-reisen.de\/magazin\/wp-content\/uploads\/2015\/06\/logo6.jpg","width":700,"height":700,"caption":"Las Islas Reisen GmbH"},"image":{"@id":"https:\/\/www.las-islas-reisen.de\/magazin\/#\/schema\/logo\/image\/"}},{"@type":"Person","@id":"https:\/\/www.las-islas-reisen.de\/magazin\/#\/schema\/person\/3518c9096bde8c3b0c3c5175ddda68f1","name":"Las Islas Reisen"}]}},"modified_by":"Las Islas Reisen","_links":{"self":[{"href":"https:\/\/www.las-islas-reisen.de\/magazin\/wp-json\/wp\/v2\/posts\/3131","targetHints":{"allow":["GET"]}}],"collection":[{"href":"https:\/\/www.las-islas-reisen.de\/magazin\/wp-json\/wp\/v2\/posts"}],"about":[{"href":"https:\/\/www.las-islas-reisen.de\/magazin\/wp-json\/wp\/v2\/types\/post"}],"author":[{"embeddable":true,"href":"https:\/\/www.las-islas-reisen.de\/magazin\/wp-json\/wp\/v2\/users\/1"}],"replies":[{"embeddable":true,"href":"https:\/\/www.las-islas-reisen.de\/magazin\/wp-json\/wp\/v2\/comments?post=3131"}],"version-history":[{"count":2,"href":"https:\/\/www.las-islas-reisen.de\/magazin\/wp-json\/wp\/v2\/posts\/3131\/revisions"}],"predecessor-version":[{"id":3257,"href":"https:\/\/www.las-islas-reisen.de\/magazin\/wp-json\/wp\/v2\/posts\/3131\/revisions\/3257"}],"wp:featuredmedia":[{"embeddable":true,"href":"https:\/\/www.las-islas-reisen.de\/magazin\/wp-json\/wp\/v2\/media\/2214"}],"wp:attachment":[{"href":"https:\/\/www.las-islas-reisen.de\/magazin\/wp-json\/wp\/v2\/media?parent=3131"}],"wp:term":[{"taxonomy":"category","embeddable":true,"href":"https:\/\/www.las-islas-reisen.de\/magazin\/wp-json\/wp\/v2\/categories?post=3131"},{"taxonomy":"post_tag","embeddable":true,"href":"https:\/\/www.las-islas-reisen.de\/magazin\/wp-json\/wp\/v2\/tags?post=3131"}],"curies":[{"name":"wp","href":"https:\/\/api.w.org\/{rel}","templated":true}]}}