{"id":321,"date":"2015-08-12T13:22:28","date_gmt":"2015-08-12T11:22:28","guid":{"rendered":"http:\/\/www.las-islas-reisen.de\/magazin\/?p=321"},"modified":"2026-03-12T09:03:35","modified_gmt":"2026-03-12T08:03:35","slug":"mallorca-klischees-im-check","status":"publish","type":"post","link":"https:\/\/www.las-islas-reisen.de\/magazin\/mallorca-klischees-im-check\/","title":{"rendered":"Imagewandel auf Mallorca: 5 \u00fcberholte Klischees und Vorurteile"},"content":{"rendered":"\n<p><strong>11 Uhr vormittags. Die Sonne brennt mit 30 Grad \u00fcber der Playa de Palma. Die Mitglieder des Fu\u00dfballvereins von Bumsdorf rei\u00dfen ihre achte Bierdose auf und torkeln an halbnackten M\u00e4dchen mit Handtaschenimitaten vorbei Richtung Ballermann, obsz\u00f6ne Lieder gr\u00f6lend. Wo wir sind? Das k\u00f6nnen selbst Menschen beantworten, die Geografie mit Gesteinskunde verwechseln.<\/strong> <\/p>\n\n\n\n<p>Wir sind im Zentrum des Klischees! Wir sind auf Mallorca. Kein Tourismusort dieser Welt ist mit so vielen Vorurteilen gepflastert wie die gr\u00f6\u00dfte Insel der Balearen. Und kaum einen Ort treffen diese Vorurteile so unverdient wie das 17. Bundesland. Stopp! Schon wieder ein Vorurteil. Es ist an der Zeit, die Insel von ihren Klischees zu s\u00e4ubern. Unter der Patina kommt etwas sehr Sch\u00f6nes hervor.<\/p>\n\n\n\n<!--more-->\n\n\n\n<h3 class=\"wp-block-heading\">1. Ballermann<\/h3>\n\n\n\n<p>Was geschieht, wenn die Berichterstattung \u00fcber ein Urlaubsland einen einzigen Ort fokussiert? Und was, wenn dieser Ort ausgerechnet das Epizentrum des Sauftourismus ist? Richtig, wir sind bei Klischee Nr. 1. Jeder Deutsche, er mag auf Mallorca gewesen sein oder nicht, kennt den Ballermann. Jeder kennt die Bierstra\u00dfe, die Schinkenstra\u00dfe, die Bilder von torkelnden Proleten rings um Deutschlands beliebteste Auslandskneipe. Der Ballermann hei\u00dft eigentlich Balneario. Es gibt ihn f\u00fcnfzehnmal auf Mallorca &#8211; aber nur die Nr. 6 hat als Ballermann traurige Ber\u00fchmtheit erlangt. Die schlechte Nachricht: Er wird dieses Nomen-est-omen-Lokal inklusive seinem promillestarken Treiben weiterhin geben. <strong>Die gute Nachricht<\/strong>: Wenn Mallorca der Heuhaufen ist, ist der Ballermann die Stecknadel darin. Und zwar eine, die zu suchen es sich wahrhaftig nicht lohnt. Gegen\u00fcber den paar Kilometern Partystrand hebt sich die Sch\u00f6nheit der Insel besonders intensiv ab.<\/p>\n\n\n\n<h3 class=\"wp-block-heading\">2. Putzfraueninsel<\/h3>\n\n\n\n<p>Aber nach Mallorca, wenden Sie ein, also ins 17. Bundesland, auch Putzfraueninsel genannt, kommen &#8211; der Name sagt es: Putzfrauen, Kegelvereine, Fu\u00dfballvereine, junge Frauen und M\u00e4nner, die ihre Hormone nicht unter Kontrolle haben. Auf jeden Fall Deutsche, die unter der spanischen Sonne nicht auf ihr heimisches Essen verzichten wollen. Gut, es gibt auch noch jede Menge t\u00e4towierte Engl\u00e4nder aus den trostlosen Suburbs Londons &#8230; . Stopp! Ein wenig Snob Appeal mag verzeihbar sein &#8211; aber <strong>die Realit\u00e4t ist eine andere<\/strong>, sobald Sie die sch\u00e4bige Stecknadel des Partystrands verlassen. Mallorca wird von der Mittelschicht, vom Bildungsb\u00fcrgertum entdeckt. Die neuen Touristen kommen aus Deutschland, aber auch aus den mediterranen Nachbarl\u00e4ndern und aus Skandinavien. Diese Touristen wissen, dass Mallorca eine Insel der Tradition und der unverf\u00e4lschten Natur ist. Sie setzen keinen Fu\u00df in die N\u00e4he des Ballermanns und sind sehr gl\u00fccklich dabei.<\/p>\n\n\n\n<h3 class=\"wp-block-heading\">3. Bettenburgen<\/h3>\n\n\n\n<p>Mallorca ist schrecklich verbaut. Hinter der Playa de Palma konzentriert sich einer der weltweit gr\u00f6\u00dften Hotelbettenkomplexe. &#8211; Stimmt! Die Zeugnisse des gewissenlosen Tourismusbooms sind auf diesem Fleck mallorquinischer Erde nicht zu verleugnen. Aber <strong>Mallorca arbeitet an sich<\/strong>. Eine einflussreiche Lobby, der unter anderem TUI Chef Michael Frenzel (seit Jahren Insel-Bewohner) angeh\u00f6rt, hat viel Geld fl\u00fcssig gemacht. Mittel des Konsortiums und des Staates flie\u00dfen in den R\u00fcckbau der Bettenburgen, in nachhaltige Urlauberresorts, in die Versch\u00f6nerung und \u00d6kologisierung von Infrastruktur und \u00f6ffentlicher Pl\u00e4tze. Damit stellt Mallorca die Weichen Richtung hochklassigen Individual- und Familientourismus.<\/p>\n\n\n\n<h3 class=\"wp-block-heading\">4. Provinz<\/h3>\n\n\n\n<p>Mallorcas Hinterland ist \u00f6de und unerschlossen. Party oder Provinz, Frust oder Feiern &#8211; je weiter Sie sich vom Playa de Palma entfernen, desto tiefer geraten Sie in die Terra Incognita r\u00fcckst\u00e4ndiger D\u00f6rfer, in der Einheimische Sie anstarren und Ihr Auto in kratergro\u00dfen Schlagl\u00f6chern versinkt. &#8211; Unsinn! Es gibt wundersch\u00f6ne einfache Hostales in den Bergd\u00f6rfern, es gibt einen wachsenden professionellen Agroturismo, zu Ferienh\u00e4usern umgebaute kleine <a href=\"https:\/\/www.las-islas-reisen.de\/mallorca\/finca-mallorca.php\">Fincas<\/a> auf dem Lande, Golftourismus, Naturtourismus, Nautik, Radsport. Es gibt malerische Badebuchten, die Serra de Tramuntana, dunkle Eichenw\u00e4lder, das K\u00fcnstlerdorf Deia &#8230; .<\/p>\n\n\n\n<h3 class=\"wp-block-heading\">5. Handt\u00fccher<\/h3>\n\n\n\n<p>Dieses Klischees ist nicht auf Mallorca beschr\u00e4nkt. Morgens um sechs, hei\u00dft es, schleichen Deutsche mit ihrem Badehandtuch zu den besten Strandliegen und reservieren sie. Aber die Studie eines britisches Reiseportals weist nach, dass nicht die Deutschen, sondern die Urlauber aus dem Vereinigten K\u00f6nigreich die Meister der Handtuch-Reservierung sind. Die deutsche Ehre ist wieder hergestellt. Allerdings gibt es Stimmen, die wegen der weltbekannten britischen H\u00f6flichkeit die Korrektheit der Studie anzweifeln. Handtuch hin oder her &#8211; <strong>eins ist klar<\/strong>: Briten und Deutsche, Franzosen, D\u00e4nen und Schweden suchen auf Mallorca abgesehen von ihrem Platz an der Sonne die Natur- und Kultursch\u00f6nheiten der Insel auf. Sie wollen heute anders reisen, ruhiger, intensiver, \u00f6kologisch nachhaltiger. Mallorca bereitet sich darauf vor.<\/p>\n\n\n\n<p>Foto: \u00a9 Andreas Gerlach \u2013 Fotolia.com<\/p>\n","protected":false},"excerpt":{"rendered":"<p>11 Uhr vormittags. Die Sonne brennt mit 30 Grad \u00fcber der Playa de Palma. Die Mitglieder des Fu\u00dfballvereins von Bumsdorf rei\u00dfen ihre achte Bierdose auf und torkeln an halbnackten M\u00e4dchen mit Handtaschenimitaten vorbei Richtung Ballermann, obsz\u00f6ne Lieder gr\u00f6lend. Wo wir sind? Das k\u00f6nnen selbst Menschen beantworten, die Geografie mit Gesteinskunde verwechseln. Wir sind im Zentrum&#8230;<\/p>\n","protected":false},"author":1,"featured_media":1449,"comment_status":"open","ping_status":"open","sticky":false,"template":"","format":"standard","meta":{"_lmt_disableupdate":"","_lmt_disable":"","_kad_post_transparent":"","_kad_post_title":"","_kad_post_layout":"","_kad_post_sidebar_id":"","_kad_post_content_style":"","_kad_post_vertical_padding":"","_kad_post_feature":"","_kad_post_feature_position":"","_kad_post_header":false,"_kad_post_footer":false,"_kad_post_classname":"","footnotes":""},"categories":[21],"tags":[],"class_list":["post-321","post","type-post","status-publish","format-standard","has-post-thumbnail","hentry","category-gut-zu-wissen"],"yoast_head":"<!-- This site is optimized with the Yoast SEO plugin v27.2 - https:\/\/yoast.com\/product\/yoast-seo-wordpress\/ -->\n<title>\u1405 Imagewandel auf Mallorca: 5 \u00fcberholte Klischees + Vorurteile<\/title>\n<meta name=\"description\" content=\"11 Uhr vormittags. Die Sonne brennt mit 30 Grad \u00fcber der Playa de Palma. Die Mitglieder des Fu\u00dfballvereins von Bumsdorf rei\u00dfen ihre achte Bierdose auf und\" \/>\n<meta name=\"robots\" content=\"index, follow, max-snippet:-1, max-image-preview:large, max-video-preview:-1\" \/>\n<link rel=\"canonical\" href=\"https:\/\/www.las-islas-reisen.de\/magazin\/mallorca-klischees-im-check\/\" \/>\n<meta name=\"twitter:label1\" content=\"Verfasst von\" \/>\n\t<meta name=\"twitter:data1\" content=\"Las Islas Reisen\" \/>\n\t<meta name=\"twitter:label2\" content=\"Gesch\u00e4tzte Lesezeit\" \/>\n\t<meta name=\"twitter:data2\" content=\"5\u00a0Minuten\" \/>\n<script type=\"application\/ld+json\" class=\"yoast-schema-graph\">{\"@context\":\"https:\/\/schema.org\",\"@graph\":[{\"@type\":\"Article\",\"@id\":\"https:\/\/www.las-islas-reisen.de\/magazin\/mallorca-klischees-im-check\/#article\",\"isPartOf\":{\"@id\":\"https:\/\/www.las-islas-reisen.de\/magazin\/mallorca-klischees-im-check\/\"},\"author\":{\"name\":\"Las Islas Reisen\",\"@id\":\"https:\/\/www.las-islas-reisen.de\/magazin\/#\/schema\/person\/3518c9096bde8c3b0c3c5175ddda68f1\"},\"headline\":\"Imagewandel auf Mallorca: 5 \u00fcberholte Klischees und Vorurteile\",\"datePublished\":\"2015-08-12T11:22:28+00:00\",\"dateModified\":\"2026-03-12T08:03:35+00:00\",\"mainEntityOfPage\":{\"@id\":\"https:\/\/www.las-islas-reisen.de\/magazin\/mallorca-klischees-im-check\/\"},\"wordCount\":739,\"commentCount\":0,\"publisher\":{\"@id\":\"https:\/\/www.las-islas-reisen.de\/magazin\/#organization\"},\"image\":{\"@id\":\"https:\/\/www.las-islas-reisen.de\/magazin\/mallorca-klischees-im-check\/#primaryimage\"},\"thumbnailUrl\":\"https:\/\/www.las-islas-reisen.de\/magazin\/wp-content\/uploads\/2015\/08\/hochsaison-auf-mallorca.jpg\",\"articleSection\":[\"Gut zu wissen\"],\"inLanguage\":\"de\",\"potentialAction\":[{\"@type\":\"CommentAction\",\"name\":\"Comment\",\"target\":[\"https:\/\/www.las-islas-reisen.de\/magazin\/mallorca-klischees-im-check\/#respond\"]}]},{\"@type\":\"WebPage\",\"@id\":\"https:\/\/www.las-islas-reisen.de\/magazin\/mallorca-klischees-im-check\/\",\"url\":\"https:\/\/www.las-islas-reisen.de\/magazin\/mallorca-klischees-im-check\/\",\"name\":\"\u1405 Imagewandel auf Mallorca: 5 \u00fcberholte Klischees + Vorurteile\",\"isPartOf\":{\"@id\":\"https:\/\/www.las-islas-reisen.de\/magazin\/#website\"},\"primaryImageOfPage\":{\"@id\":\"https:\/\/www.las-islas-reisen.de\/magazin\/mallorca-klischees-im-check\/#primaryimage\"},\"image\":{\"@id\":\"https:\/\/www.las-islas-reisen.de\/magazin\/mallorca-klischees-im-check\/#primaryimage\"},\"thumbnailUrl\":\"https:\/\/www.las-islas-reisen.de\/magazin\/wp-content\/uploads\/2015\/08\/hochsaison-auf-mallorca.jpg\",\"datePublished\":\"2015-08-12T11:22:28+00:00\",\"dateModified\":\"2026-03-12T08:03:35+00:00\",\"description\":\"11 Uhr vormittags. Die Sonne brennt mit 30 Grad \u00fcber der Playa de Palma. Die Mitglieder des Fu\u00dfballvereins von Bumsdorf rei\u00dfen ihre achte Bierdose auf und\",\"breadcrumb\":{\"@id\":\"https:\/\/www.las-islas-reisen.de\/magazin\/mallorca-klischees-im-check\/#breadcrumb\"},\"inLanguage\":\"de\",\"potentialAction\":[{\"@type\":\"ReadAction\",\"target\":[\"https:\/\/www.las-islas-reisen.de\/magazin\/mallorca-klischees-im-check\/\"]}]},{\"@type\":\"ImageObject\",\"inLanguage\":\"de\",\"@id\":\"https:\/\/www.las-islas-reisen.de\/magazin\/mallorca-klischees-im-check\/#primaryimage\",\"url\":\"https:\/\/www.las-islas-reisen.de\/magazin\/wp-content\/uploads\/2015\/08\/hochsaison-auf-mallorca.jpg\",\"contentUrl\":\"https:\/\/www.las-islas-reisen.de\/magazin\/wp-content\/uploads\/2015\/08\/hochsaison-auf-mallorca.jpg\",\"width\":670,\"height\":463,\"caption\":\"Mallorca\"},{\"@type\":\"BreadcrumbList\",\"@id\":\"https:\/\/www.las-islas-reisen.de\/magazin\/mallorca-klischees-im-check\/#breadcrumb\",\"itemListElement\":[{\"@type\":\"ListItem\",\"position\":1,\"name\":\"Home\",\"item\":\"https:\/\/www.las-islas-reisen.de\/magazin\/\"},{\"@type\":\"ListItem\",\"position\":2,\"name\":\"Imagewandel auf Mallorca: 5 \u00fcberholte Klischees und Vorurteile\"}]},{\"@type\":\"WebSite\",\"@id\":\"https:\/\/www.las-islas-reisen.de\/magazin\/#website\",\"url\":\"https:\/\/www.las-islas-reisen.de\/magazin\/\",\"name\":\"\",\"description\":\"\",\"publisher\":{\"@id\":\"https:\/\/www.las-islas-reisen.de\/magazin\/#organization\"},\"potentialAction\":[{\"@type\":\"SearchAction\",\"target\":{\"@type\":\"EntryPoint\",\"urlTemplate\":\"https:\/\/www.las-islas-reisen.de\/magazin\/?s={search_term_string}\"},\"query-input\":{\"@type\":\"PropertyValueSpecification\",\"valueRequired\":true,\"valueName\":\"search_term_string\"}}],\"inLanguage\":\"de\"},{\"@type\":\"Organization\",\"@id\":\"https:\/\/www.las-islas-reisen.de\/magazin\/#organization\",\"name\":\"Las Islas Reisen GmbH\",\"url\":\"https:\/\/www.las-islas-reisen.de\/magazin\/\",\"logo\":{\"@type\":\"ImageObject\",\"inLanguage\":\"de\",\"@id\":\"https:\/\/www.las-islas-reisen.de\/magazin\/#\/schema\/logo\/image\/\",\"url\":\"https:\/\/www.las-islas-reisen.de\/magazin\/wp-content\/uploads\/2015\/06\/logo6.jpg\",\"contentUrl\":\"https:\/\/www.las-islas-reisen.de\/magazin\/wp-content\/uploads\/2015\/06\/logo6.jpg\",\"width\":700,\"height\":700,\"caption\":\"Las Islas Reisen GmbH\"},\"image\":{\"@id\":\"https:\/\/www.las-islas-reisen.de\/magazin\/#\/schema\/logo\/image\/\"}},{\"@type\":\"Person\",\"@id\":\"https:\/\/www.las-islas-reisen.de\/magazin\/#\/schema\/person\/3518c9096bde8c3b0c3c5175ddda68f1\",\"name\":\"Las Islas Reisen\"}]}<\/script>\n<!-- \/ Yoast SEO plugin. -->","yoast_head_json":{"title":"\u1405 Imagewandel auf Mallorca: 5 \u00fcberholte Klischees + Vorurteile","description":"11 Uhr vormittags. Die Sonne brennt mit 30 Grad \u00fcber der Playa de Palma. Die Mitglieder des Fu\u00dfballvereins von Bumsdorf rei\u00dfen ihre achte Bierdose auf und","robots":{"index":"index","follow":"follow","max-snippet":"max-snippet:-1","max-image-preview":"max-image-preview:large","max-video-preview":"max-video-preview:-1"},"canonical":"https:\/\/www.las-islas-reisen.de\/magazin\/mallorca-klischees-im-check\/","twitter_misc":{"Verfasst von":"Las Islas Reisen","Gesch\u00e4tzte Lesezeit":"5\u00a0Minuten"},"schema":{"@context":"https:\/\/schema.org","@graph":[{"@type":"Article","@id":"https:\/\/www.las-islas-reisen.de\/magazin\/mallorca-klischees-im-check\/#article","isPartOf":{"@id":"https:\/\/www.las-islas-reisen.de\/magazin\/mallorca-klischees-im-check\/"},"author":{"name":"Las Islas Reisen","@id":"https:\/\/www.las-islas-reisen.de\/magazin\/#\/schema\/person\/3518c9096bde8c3b0c3c5175ddda68f1"},"headline":"Imagewandel auf Mallorca: 5 \u00fcberholte Klischees und Vorurteile","datePublished":"2015-08-12T11:22:28+00:00","dateModified":"2026-03-12T08:03:35+00:00","mainEntityOfPage":{"@id":"https:\/\/www.las-islas-reisen.de\/magazin\/mallorca-klischees-im-check\/"},"wordCount":739,"commentCount":0,"publisher":{"@id":"https:\/\/www.las-islas-reisen.de\/magazin\/#organization"},"image":{"@id":"https:\/\/www.las-islas-reisen.de\/magazin\/mallorca-klischees-im-check\/#primaryimage"},"thumbnailUrl":"https:\/\/www.las-islas-reisen.de\/magazin\/wp-content\/uploads\/2015\/08\/hochsaison-auf-mallorca.jpg","articleSection":["Gut zu wissen"],"inLanguage":"de","potentialAction":[{"@type":"CommentAction","name":"Comment","target":["https:\/\/www.las-islas-reisen.de\/magazin\/mallorca-klischees-im-check\/#respond"]}]},{"@type":"WebPage","@id":"https:\/\/www.las-islas-reisen.de\/magazin\/mallorca-klischees-im-check\/","url":"https:\/\/www.las-islas-reisen.de\/magazin\/mallorca-klischees-im-check\/","name":"\u1405 Imagewandel auf Mallorca: 5 \u00fcberholte Klischees + Vorurteile","isPartOf":{"@id":"https:\/\/www.las-islas-reisen.de\/magazin\/#website"},"primaryImageOfPage":{"@id":"https:\/\/www.las-islas-reisen.de\/magazin\/mallorca-klischees-im-check\/#primaryimage"},"image":{"@id":"https:\/\/www.las-islas-reisen.de\/magazin\/mallorca-klischees-im-check\/#primaryimage"},"thumbnailUrl":"https:\/\/www.las-islas-reisen.de\/magazin\/wp-content\/uploads\/2015\/08\/hochsaison-auf-mallorca.jpg","datePublished":"2015-08-12T11:22:28+00:00","dateModified":"2026-03-12T08:03:35+00:00","description":"11 Uhr vormittags. Die Sonne brennt mit 30 Grad \u00fcber der Playa de Palma. Die Mitglieder des Fu\u00dfballvereins von Bumsdorf rei\u00dfen ihre achte Bierdose auf und","breadcrumb":{"@id":"https:\/\/www.las-islas-reisen.de\/magazin\/mallorca-klischees-im-check\/#breadcrumb"},"inLanguage":"de","potentialAction":[{"@type":"ReadAction","target":["https:\/\/www.las-islas-reisen.de\/magazin\/mallorca-klischees-im-check\/"]}]},{"@type":"ImageObject","inLanguage":"de","@id":"https:\/\/www.las-islas-reisen.de\/magazin\/mallorca-klischees-im-check\/#primaryimage","url":"https:\/\/www.las-islas-reisen.de\/magazin\/wp-content\/uploads\/2015\/08\/hochsaison-auf-mallorca.jpg","contentUrl":"https:\/\/www.las-islas-reisen.de\/magazin\/wp-content\/uploads\/2015\/08\/hochsaison-auf-mallorca.jpg","width":670,"height":463,"caption":"Mallorca"},{"@type":"BreadcrumbList","@id":"https:\/\/www.las-islas-reisen.de\/magazin\/mallorca-klischees-im-check\/#breadcrumb","itemListElement":[{"@type":"ListItem","position":1,"name":"Home","item":"https:\/\/www.las-islas-reisen.de\/magazin\/"},{"@type":"ListItem","position":2,"name":"Imagewandel auf Mallorca: 5 \u00fcberholte Klischees und Vorurteile"}]},{"@type":"WebSite","@id":"https:\/\/www.las-islas-reisen.de\/magazin\/#website","url":"https:\/\/www.las-islas-reisen.de\/magazin\/","name":"","description":"","publisher":{"@id":"https:\/\/www.las-islas-reisen.de\/magazin\/#organization"},"potentialAction":[{"@type":"SearchAction","target":{"@type":"EntryPoint","urlTemplate":"https:\/\/www.las-islas-reisen.de\/magazin\/?s={search_term_string}"},"query-input":{"@type":"PropertyValueSpecification","valueRequired":true,"valueName":"search_term_string"}}],"inLanguage":"de"},{"@type":"Organization","@id":"https:\/\/www.las-islas-reisen.de\/magazin\/#organization","name":"Las Islas Reisen GmbH","url":"https:\/\/www.las-islas-reisen.de\/magazin\/","logo":{"@type":"ImageObject","inLanguage":"de","@id":"https:\/\/www.las-islas-reisen.de\/magazin\/#\/schema\/logo\/image\/","url":"https:\/\/www.las-islas-reisen.de\/magazin\/wp-content\/uploads\/2015\/06\/logo6.jpg","contentUrl":"https:\/\/www.las-islas-reisen.de\/magazin\/wp-content\/uploads\/2015\/06\/logo6.jpg","width":700,"height":700,"caption":"Las Islas Reisen GmbH"},"image":{"@id":"https:\/\/www.las-islas-reisen.de\/magazin\/#\/schema\/logo\/image\/"}},{"@type":"Person","@id":"https:\/\/www.las-islas-reisen.de\/magazin\/#\/schema\/person\/3518c9096bde8c3b0c3c5175ddda68f1","name":"Las Islas Reisen"}]}},"modified_by":"Las Islas Reisen","_links":{"self":[{"href":"https:\/\/www.las-islas-reisen.de\/magazin\/wp-json\/wp\/v2\/posts\/321","targetHints":{"allow":["GET"]}}],"collection":[{"href":"https:\/\/www.las-islas-reisen.de\/magazin\/wp-json\/wp\/v2\/posts"}],"about":[{"href":"https:\/\/www.las-islas-reisen.de\/magazin\/wp-json\/wp\/v2\/types\/post"}],"author":[{"embeddable":true,"href":"https:\/\/www.las-islas-reisen.de\/magazin\/wp-json\/wp\/v2\/users\/1"}],"replies":[{"embeddable":true,"href":"https:\/\/www.las-islas-reisen.de\/magazin\/wp-json\/wp\/v2\/comments?post=321"}],"version-history":[{"count":1,"href":"https:\/\/www.las-islas-reisen.de\/magazin\/wp-json\/wp\/v2\/posts\/321\/revisions"}],"predecessor-version":[{"id":3228,"href":"https:\/\/www.las-islas-reisen.de\/magazin\/wp-json\/wp\/v2\/posts\/321\/revisions\/3228"}],"wp:featuredmedia":[{"embeddable":true,"href":"https:\/\/www.las-islas-reisen.de\/magazin\/wp-json\/wp\/v2\/media\/1449"}],"wp:attachment":[{"href":"https:\/\/www.las-islas-reisen.de\/magazin\/wp-json\/wp\/v2\/media?parent=321"}],"wp:term":[{"taxonomy":"category","embeddable":true,"href":"https:\/\/www.las-islas-reisen.de\/magazin\/wp-json\/wp\/v2\/categories?post=321"},{"taxonomy":"post_tag","embeddable":true,"href":"https:\/\/www.las-islas-reisen.de\/magazin\/wp-json\/wp\/v2\/tags?post=321"}],"curies":[{"name":"wp","href":"https:\/\/api.w.org\/{rel}","templated":true}]}}