{"id":375,"date":"2015-09-30T09:11:02","date_gmt":"2015-09-30T07:11:02","guid":{"rendered":"http:\/\/www.las-islas-reisen.de\/magazin\/?p=375"},"modified":"2026-03-12T09:05:16","modified_gmt":"2026-03-12T08:05:16","slug":"mallorca-im-winter","status":"publish","type":"post","link":"https:\/\/www.las-islas-reisen.de\/magazin\/mallorca-im-winter\/","title":{"rendered":"6 gute Gr\u00fcnde, Mallorca im Winter zu besuchen"},"content":{"rendered":"\n<p><strong>Wer Mallorca sagt, sieht vor sich Menschen in Bikini und Badehose, Menschen an vollen Str\u00e4nden vor dem glei\u00dfenden Mittelmeer, subtropisches, von Palmen \u00fcberschattetes Ambiente, hei\u00dfen Sand und jede Menge k\u00fchlende Getr\u00e4nke. Damit sieht er nat\u00fcrlich direkt auf ein <a href=\"https:\/\/www.las-islas-reisen.de\/magazin\/mallorca-klischees-im-check\/\">Vorurteil<\/a>, denn er hat seinen Blick auf die Gegend um den ber\u00fcchtigten Ballermann fokussiert. <\/strong><br><br>Dass Mallorca auch anders kann, dass Mallorca Kultur, Stille und urw\u00fcchsige Natur ist, beginnt allen Menschen einzuleuchten, die ein alternatives, ressourcenorientiertes Reisen bevorzugen. Diese Reisenden entdecken neben den stillen, urw\u00fcchsig-sch\u00f6nen Seiten ihrer Lieblingsinsel einen Aspekt, der lange \u00fcber den sommerlichen Partymeilen vernachl\u00e4ssigt worden ist: Mallorca im Winter. Wenn die gro\u00dfe Touristenwelle der warmen und hei\u00dfen Monate verebbt ist, kehrt im November auf der gr\u00f6\u00dften Baleareninsel die wahre Erholung ein. Zeit f\u00fcr einsame Strandspazierg\u00e4nge unter einem oftmals strahlend blauen Himmel. Hier sechs gute Gr\u00fcnde, in der &#8222;kalten&#8220; Jahreszeit einen Abstecher nach Mallorca zu machen.<\/p>\n\n\n\n<!--more-->\n\n\n\n<h3 class=\"wp-block-heading\">1. Einsame Str\u00e4nde erleben<\/h3>\n\n\n\n<figure class=\"wp-block-image\"><img decoding=\"async\" width=\"670\" height=\"445\" src=\"https:\/\/www.las-islas-reisen.de\/magazin\/wp-content\/uploads\/2015\/09\/einsamer-strand-mallorca.jpg\" alt=\"Einsamer Strand\" class=\"wp-image-379\" srcset=\"https:\/\/www.las-islas-reisen.de\/magazin\/wp-content\/uploads\/2015\/09\/einsamer-strand-mallorca.jpg 670w, https:\/\/www.las-islas-reisen.de\/magazin\/wp-content\/uploads\/2015\/09\/einsamer-strand-mallorca-300x199.jpg 300w\" sizes=\"(max-width: 670px) 100vw, 670px\" \/><\/figure>\n\n\n\n<p>Sie schw\u00e4rmen f\u00fcr Mallorca? Sie lieben es, in der hei\u00dfen Jahreszeit Ausfl\u00fcge an abgelegene Orte zu unternehmen, um in Ruhe die Sch\u00f6nheit der Insel zu genie\u00dfen? Dann ist der Winter genau die richtige Jahreszeit f\u00fcr Sie. Die Nebensaison beginnt in der ersten Novemberwoche und endet in der letzten M\u00e4rzwoche. Die gro\u00dfen Diskotheken schlie\u00dfen. Sie k\u00f6nnen an der Playa de Palma einsame Strandspazierg\u00e4nge unternehmen. <br><br>Unglaublich, aber wahr. <strong>Reduzierter Auto- und Flugverkehr<\/strong>, kein Lautsprecherget\u00f6se &#8211; das Meer macht an diesem Strand Mallorcas tats\u00e4chlich das gleiche beruhigend-pl\u00e4tschernde Ger\u00e4usch wie an allen Str\u00e4nden der Welt. Atmen Sie durch in der leichteren, k\u00fchleren Luft, ungest\u00f6rt und frei. Im Winter sind Sie am Strand der wahre K\u00f6nig von Mallorca!<\/p>\n\n\n\n<h3 class=\"wp-block-heading\">2. Dem Winter entfliehen<\/h3>\n\n\n\n<figure class=\"wp-block-image\"><img decoding=\"async\" width=\"670\" height=\"445\" src=\"https:\/\/www.las-islas-reisen.de\/magazin\/wp-content\/uploads\/2015\/09\/mallorca-radsport.jpg\" alt=\"Radsport\" class=\"wp-image-397\" srcset=\"https:\/\/www.las-islas-reisen.de\/magazin\/wp-content\/uploads\/2015\/09\/mallorca-radsport.jpg 670w, https:\/\/www.las-islas-reisen.de\/magazin\/wp-content\/uploads\/2015\/09\/mallorca-radsport-300x199.jpg 300w\" sizes=\"(max-width: 670px) 100vw, 670px\" \/><\/figure>\n\n\n\n<p>Apropos Strand. Apropos Schwimmen. In den Vorstellungen vieler Mitteleurop\u00e4er liegt \u00fcber Mallorca ab Ende Oktober ein unentrinnbares Tiefdruckgebiet, das die Insel wie einen Schwamm durchtr\u00e4nkt und erst im Februar zur <strong>Mandelbl\u00fcte<\/strong> weiterzieht, um andere Gegenden unter Wasser zu setzen. Die Realit\u00e4t sieht anders aus. Wenn Sie im Juli oder August Erfrischung suchend ins Mittelmeer springen, wird Sie die Wasser-temperatur an ein Vollbad in der heimischen Wanne erinnern: 23 Grad und mehr sind auf Mallorca normal. <br><br>Anders in den Monaten Oktober und November. W\u00e4hrend die Luft sich noch auf angenehme 20 Grad oder mehr erw\u00e4rmt, herrschen etwa gleiche Wassertemperaturen. Ideal-Celsius-Grade f\u00fcr den Naturliebhaber und Schwimmer. Auch in den eigentlichen <strong>Wintermonaten<\/strong> Dezember, Januar und Februar erreichen die mallorquinischen L\u00fcfte milde 16 Grad bei f\u00fcnf bis sechs Regentagen pro Monat. Gerade jene Reisenden, die Aktivit\u00e4t lieben, k\u00f6nnen jetzt aufatmen.<\/p>\n\n\n\n<h3 class=\"wp-block-heading\">3. Sportliche Aktivit\u00e4ten bei milden Temperaturen<\/h3>\n\n\n\n<figure class=\"wp-block-image\"><img decoding=\"async\" width=\"670\" height=\"445\" src=\"https:\/\/www.las-islas-reisen.de\/magazin\/wp-content\/uploads\/2015\/09\/mallorca-schlucht.jpg\" alt=\"Sa Calobra\" class=\"wp-image-393\" srcset=\"https:\/\/www.las-islas-reisen.de\/magazin\/wp-content\/uploads\/2015\/09\/mallorca-schlucht.jpg 670w, https:\/\/www.las-islas-reisen.de\/magazin\/wp-content\/uploads\/2015\/09\/mallorca-schlucht-300x199.jpg 300w\" sizes=\"(max-width: 670px) 100vw, 670px\" \/><\/figure>\n\n\n\n<p>Apropos Aktivit\u00e4t. Das sommerliche Mallorca ist ein idealer Tummelplatz diverser Sportarten. Wandern in den urw\u00fcchsigen Naturschutzgebieten der Insel, Wassersport, Klettern. Dem bequemeren Autofahrer, der im Leihwagen durch die sch\u00f6ne Landschaft tourt, kommen dann rotgesichtige Radathleten entgegen, die bei 30 Grad die Serpentinen im Tour-de-France-Tempo nehmen. In den Wintermonaten haben Zweiradliebhaber die mallorquinischen Stra\u00dfen f\u00fcr sich. <br><br>Bei angenehmen Fahrtemperaturen von 15 bis 20 Grad k\u00f6nnen Sie stundenlang durch Berge, <strong>unber\u00fchrte Landschaften<\/strong> und an Mittelmeerpanoramen entlangfahren &#8211; und zwar auf makellosem Asphalt. Auch die Wassersportler sind in der &#8222;kalten&#8220; Jahreszeit auf Mallorca in ihrem Element. Sie m\u00fcssen das Meer nicht mit einer Regatta anderer Wassersportler teilen. Der Wind weht stark und konstant und schafft perfekte Bedingungen f\u00fcr Kite- und Windsurfer und f\u00fcr Wellenreiter.<\/p>\n\n\n\n<h3 class=\"wp-block-heading\">4. Die Ruhe vor dem Sturm<\/h3>\n\n\n\n<figure class=\"wp-block-image\"><img decoding=\"async\" width=\"670\" height=\"445\" src=\"https:\/\/www.las-islas-reisen.de\/magazin\/wp-content\/uploads\/2015\/09\/eingang.jpg\" alt=\"\" class=\"wp-image-391\" srcset=\"https:\/\/www.las-islas-reisen.de\/magazin\/wp-content\/uploads\/2015\/09\/eingang.jpg 670w, https:\/\/www.las-islas-reisen.de\/magazin\/wp-content\/uploads\/2015\/09\/eingang-300x199.jpg 300w\" sizes=\"(max-width: 670px) 100vw, 670px\" \/><\/figure>\n\n\n\n<p>Nicht jedermann verbringt seinen Mallorca-Urlaub auf dem Surfbrett oder auf dem Fahrradsattel. Sightseeing und Shopping-Touren schaffen sommers wie Winters die W\u00fcrze der Abwechslung f\u00fcr einen erholsamen Aufenthalt. Mallorca hat Dutzende von Attraktionen und <strong>Besichtigungsm\u00f6glichkeiten<\/strong> zu bieten und besitzt mit seiner Hauptstadt Palma ein echtes Shoppingparadies. Nun, im Sommer bei 30 Grad Schuhe kaufen gehen kann einen ganz sch\u00f6n mitnehmen &#8211; zumal das Angebot ph\u00e4nomenal, au\u00dfergew\u00f6hnlich und oft auch noch preiswert ist. Im Winter erledigt sich die Suche nach den perfekten Stiefeln zum Kleid mit k\u00fchlerem Kopf &#8211; ohne Warteschlangen und mit liebevoller Beratung durch entspannte Verk\u00e4uferinnen. Warteschlangen sind in der hei\u00dfen Jahreszeit auch vor den zahlreichen Attraktionen der Insel zu bef\u00fcrchten. Ob Joan-Mir\u00f3-Museum oder Coves-del-Drac-Tropfsteinh\u00f6hle: Stehen ist Pflicht. Im Winter dagegen haben Sie sozusagen die VIP-Karte &#8211; einfach bis zur Kasse marschieren und in Ruhe mallorquinische Natur und Kunst genie\u00dfen.<\/p>\n\n\n\n<h3 class=\"wp-block-heading\">5. Nebensaison-Preise ausnutzen<\/h3>\n\n\n\n<figure class=\"wp-block-image\"><img decoding=\"async\" width=\"670\" height=\"445\" src=\"https:\/\/www.las-islas-reisen.de\/magazin\/wp-content\/uploads\/2015\/09\/mallorca-einkaufen.jpg\" alt=\"Einkaufen auf Mallorca\" class=\"wp-image-381\" srcset=\"https:\/\/www.las-islas-reisen.de\/magazin\/wp-content\/uploads\/2015\/09\/mallorca-einkaufen.jpg 670w, https:\/\/www.las-islas-reisen.de\/magazin\/wp-content\/uploads\/2015\/09\/mallorca-einkaufen-300x199.jpg 300w\" sizes=\"(max-width: 670px) 100vw, 670px\" \/><\/figure>\n\n\n\n<p>Es ist ein altes Marktgesetz: Die Nachfrage bestimmt den Preis. Wenn sich eine Riesenfangemeinde um das neuste Technikspielzeug rei\u00dft und im Internet Triumphmeldungen ver\u00f6ffentlicht werden, wem es am schnellsten in die H\u00e4nde gefallen ist, k\u00f6nnen Sie davon ausgehen, dass diese Ware teuer bezahlt wird. Und wenn sich in einem Touristengebiet Urlauberstr\u00f6me dr\u00e4ngeln und Hochsaison herrscht, ist f\u00fcr Hoteliers, Autoverleiher und Fluggesellschaften Zahltag. Mallorca im Winter ist <strong>eine stille Insel<\/strong>, eine &#8211; ja &#8211; exklusive Insel, eine Insel f\u00fcr Connaisseurs. Diese gl\u00fccklichen Reisenden m\u00fcssen sich ihre Lieblingsinsel mit viel weniger Menschen teilen und zahlen daf\u00fcr nur die H\u00e4lfte. Preisrabatte f\u00fcr Unterk\u00fcnfte und Leihwagen sowie tolle Flug-Schn\u00e4ppchen machen die Inselerholung erschwinglich.<\/p>\n\n\n\n<h3 class=\"wp-block-heading\">6. Die Atmosph\u00e4re genie\u00dfen<\/h3>\n\n\n\n<figure class=\"wp-block-image\"><img decoding=\"async\" width=\"670\" height=\"447\" src=\"https:\/\/www.las-islas-reisen.de\/magazin\/wp-content\/uploads\/2015\/09\/weihnachten-deko.jpg\" alt=\"Mallorca zu Weihnachten\" class=\"wp-image-385\" srcset=\"https:\/\/www.las-islas-reisen.de\/magazin\/wp-content\/uploads\/2015\/09\/weihnachten-deko.jpg 670w, https:\/\/www.las-islas-reisen.de\/magazin\/wp-content\/uploads\/2015\/09\/weihnachten-deko-300x200.jpg 300w\" sizes=\"(max-width: 670px) 100vw, 670px\" \/><\/figure>\n\n\n\n<p>Ist denn auf Mallorca gar nichts los? Sind auf der gr\u00f6\u00dften Baleareninsel drei Monate die B\u00fcrgersteige hochgeklappt wie auf einem norddeutschen Dorf? &#8211; Mitnichten. Zum Beispiel die Vorweihnachtszeit. \u00dcber das deutsche Dezemberwetter m\u00fcssen nicht viele Worte gemacht werden. Es ist feucht, es ist kalt, meistens regnet es, manchmal gibt es Schneematsch. Auf Mallorca besuchen Sie <strong>bei milden 16 Grad<\/strong> den <a href=\"https:\/\/www.las-islas-reisen.de\/magazin\/weihnachten-auf-mallorca\/\">Weihnachtsmarkt<\/a>. Den Weihnachtsmarkt? &#8211; Auf jeden Fall. Gehen Sie auf die Plaza Major oder Plaza Espana in Palma. Genie\u00dfen Sie die Atmosph\u00e4re der mit hunderttausenden von Lichtern illuminierten Gassen. Schauen Sie sich die vielen sch\u00f6nen Weihnachtskrippen an, die in der Stadt aufgestellt werden. Das vorweihnachtliche Palma wird Sie verzaubern!<\/p>\n","protected":false},"excerpt":{"rendered":"<p>Wer Mallorca sagt, sieht vor sich Menschen in Bikini und Badehose, Menschen an vollen Str\u00e4nden vor dem glei\u00dfenden Mittelmeer, subtropisches, von Palmen \u00fcberschattetes Ambiente, hei\u00dfen Sand und jede Menge k\u00fchlende Getr\u00e4nke. Damit sieht er nat\u00fcrlich direkt auf ein Vorurteil, denn er hat seinen Blick auf die Gegend um den ber\u00fcchtigten Ballermann fokussiert. Dass Mallorca auch&#8230;<\/p>\n","protected":false},"author":1,"featured_media":387,"comment_status":"open","ping_status":"open","sticky":false,"template":"","format":"standard","meta":{"_lmt_disableupdate":"","_lmt_disable":"","_kad_post_transparent":"","_kad_post_title":"","_kad_post_layout":"","_kad_post_sidebar_id":"","_kad_post_content_style":"","_kad_post_vertical_padding":"","_kad_post_feature":"","_kad_post_feature_position":"","_kad_post_header":false,"_kad_post_footer":false,"_kad_post_classname":"","footnotes":""},"categories":[21,23],"tags":[],"class_list":["post-375","post","type-post","status-publish","format-standard","has-post-thumbnail","hentry","category-gut-zu-wissen","category-saisonal"],"yoast_head":"<!-- This site is optimized with the Yoast SEO plugin v27.2 - https:\/\/yoast.com\/product\/yoast-seo-wordpress\/ -->\n<title>\u1405 Mallorca im Winter: 6 Gr\u00fcnde daf\u00fcr!<\/title>\n<meta name=\"description\" content=\"Wer Mallorca sagt, sieht vor sich Menschen in Bikini und Badehose, Menschen an vollen Str\u00e4nden vor dem glei\u00dfenden Mittelmeer, subtropisches, von Palmen\" \/>\n<meta name=\"robots\" content=\"index, follow, max-snippet:-1, max-image-preview:large, max-video-preview:-1\" \/>\n<link rel=\"canonical\" href=\"https:\/\/www.las-islas-reisen.de\/magazin\/mallorca-im-winter\/\" \/>\n<meta name=\"twitter:label1\" content=\"Verfasst von\" \/>\n\t<meta name=\"twitter:data1\" content=\"Las Islas Reisen\" \/>\n\t<meta name=\"twitter:label2\" content=\"Gesch\u00e4tzte Lesezeit\" \/>\n\t<meta name=\"twitter:data2\" content=\"7\u00a0Minuten\" \/>\n<script type=\"application\/ld+json\" class=\"yoast-schema-graph\">{\"@context\":\"https:\/\/schema.org\",\"@graph\":[{\"@type\":\"Article\",\"@id\":\"https:\/\/www.las-islas-reisen.de\/magazin\/mallorca-im-winter\/#article\",\"isPartOf\":{\"@id\":\"https:\/\/www.las-islas-reisen.de\/magazin\/mallorca-im-winter\/\"},\"author\":{\"name\":\"Las Islas Reisen\",\"@id\":\"https:\/\/www.las-islas-reisen.de\/magazin\/#\/schema\/person\/3518c9096bde8c3b0c3c5175ddda68f1\"},\"headline\":\"6 gute Gr\u00fcnde, Mallorca im Winter zu besuchen\",\"datePublished\":\"2015-09-30T07:11:02+00:00\",\"dateModified\":\"2026-03-12T08:05:16+00:00\",\"mainEntityOfPage\":{\"@id\":\"https:\/\/www.las-islas-reisen.de\/magazin\/mallorca-im-winter\/\"},\"wordCount\":991,\"commentCount\":0,\"publisher\":{\"@id\":\"https:\/\/www.las-islas-reisen.de\/magazin\/#organization\"},\"image\":{\"@id\":\"https:\/\/www.las-islas-reisen.de\/magazin\/mallorca-im-winter\/#primaryimage\"},\"thumbnailUrl\":\"https:\/\/www.las-islas-reisen.de\/magazin\/wp-content\/uploads\/2015\/09\/mallorca-im-winter.jpg\",\"articleSection\":[\"Gut zu wissen\",\"Saisonal\"],\"inLanguage\":\"de\",\"potentialAction\":[{\"@type\":\"CommentAction\",\"name\":\"Comment\",\"target\":[\"https:\/\/www.las-islas-reisen.de\/magazin\/mallorca-im-winter\/#respond\"]}]},{\"@type\":\"WebPage\",\"@id\":\"https:\/\/www.las-islas-reisen.de\/magazin\/mallorca-im-winter\/\",\"url\":\"https:\/\/www.las-islas-reisen.de\/magazin\/mallorca-im-winter\/\",\"name\":\"\u1405 Mallorca im Winter: 6 Gr\u00fcnde daf\u00fcr!\",\"isPartOf\":{\"@id\":\"https:\/\/www.las-islas-reisen.de\/magazin\/#website\"},\"primaryImageOfPage\":{\"@id\":\"https:\/\/www.las-islas-reisen.de\/magazin\/mallorca-im-winter\/#primaryimage\"},\"image\":{\"@id\":\"https:\/\/www.las-islas-reisen.de\/magazin\/mallorca-im-winter\/#primaryimage\"},\"thumbnailUrl\":\"https:\/\/www.las-islas-reisen.de\/magazin\/wp-content\/uploads\/2015\/09\/mallorca-im-winter.jpg\",\"datePublished\":\"2015-09-30T07:11:02+00:00\",\"dateModified\":\"2026-03-12T08:05:16+00:00\",\"description\":\"Wer Mallorca sagt, sieht vor sich Menschen in Bikini und Badehose, Menschen an vollen Str\u00e4nden vor dem glei\u00dfenden Mittelmeer, subtropisches, von Palmen\",\"breadcrumb\":{\"@id\":\"https:\/\/www.las-islas-reisen.de\/magazin\/mallorca-im-winter\/#breadcrumb\"},\"inLanguage\":\"de\",\"potentialAction\":[{\"@type\":\"ReadAction\",\"target\":[\"https:\/\/www.las-islas-reisen.de\/magazin\/mallorca-im-winter\/\"]}]},{\"@type\":\"ImageObject\",\"inLanguage\":\"de\",\"@id\":\"https:\/\/www.las-islas-reisen.de\/magazin\/mallorca-im-winter\/#primaryimage\",\"url\":\"https:\/\/www.las-islas-reisen.de\/magazin\/wp-content\/uploads\/2015\/09\/mallorca-im-winter.jpg\",\"contentUrl\":\"https:\/\/www.las-islas-reisen.de\/magazin\/wp-content\/uploads\/2015\/09\/mallorca-im-winter.jpg\",\"width\":670,\"height\":447},{\"@type\":\"BreadcrumbList\",\"@id\":\"https:\/\/www.las-islas-reisen.de\/magazin\/mallorca-im-winter\/#breadcrumb\",\"itemListElement\":[{\"@type\":\"ListItem\",\"position\":1,\"name\":\"Home\",\"item\":\"https:\/\/www.las-islas-reisen.de\/magazin\/\"},{\"@type\":\"ListItem\",\"position\":2,\"name\":\"6 gute Gr\u00fcnde, Mallorca im Winter zu besuchen\"}]},{\"@type\":\"WebSite\",\"@id\":\"https:\/\/www.las-islas-reisen.de\/magazin\/#website\",\"url\":\"https:\/\/www.las-islas-reisen.de\/magazin\/\",\"name\":\"\",\"description\":\"\",\"publisher\":{\"@id\":\"https:\/\/www.las-islas-reisen.de\/magazin\/#organization\"},\"potentialAction\":[{\"@type\":\"SearchAction\",\"target\":{\"@type\":\"EntryPoint\",\"urlTemplate\":\"https:\/\/www.las-islas-reisen.de\/magazin\/?s={search_term_string}\"},\"query-input\":{\"@type\":\"PropertyValueSpecification\",\"valueRequired\":true,\"valueName\":\"search_term_string\"}}],\"inLanguage\":\"de\"},{\"@type\":\"Organization\",\"@id\":\"https:\/\/www.las-islas-reisen.de\/magazin\/#organization\",\"name\":\"Las Islas Reisen GmbH\",\"url\":\"https:\/\/www.las-islas-reisen.de\/magazin\/\",\"logo\":{\"@type\":\"ImageObject\",\"inLanguage\":\"de\",\"@id\":\"https:\/\/www.las-islas-reisen.de\/magazin\/#\/schema\/logo\/image\/\",\"url\":\"https:\/\/www.las-islas-reisen.de\/magazin\/wp-content\/uploads\/2015\/06\/logo6.jpg\",\"contentUrl\":\"https:\/\/www.las-islas-reisen.de\/magazin\/wp-content\/uploads\/2015\/06\/logo6.jpg\",\"width\":700,\"height\":700,\"caption\":\"Las Islas Reisen GmbH\"},\"image\":{\"@id\":\"https:\/\/www.las-islas-reisen.de\/magazin\/#\/schema\/logo\/image\/\"}},{\"@type\":\"Person\",\"@id\":\"https:\/\/www.las-islas-reisen.de\/magazin\/#\/schema\/person\/3518c9096bde8c3b0c3c5175ddda68f1\",\"name\":\"Las Islas Reisen\"}]}<\/script>\n<!-- \/ Yoast SEO plugin. -->","yoast_head_json":{"title":"\u1405 Mallorca im Winter: 6 Gr\u00fcnde daf\u00fcr!","description":"Wer Mallorca sagt, sieht vor sich Menschen in Bikini und Badehose, Menschen an vollen Str\u00e4nden vor dem glei\u00dfenden Mittelmeer, subtropisches, von Palmen","robots":{"index":"index","follow":"follow","max-snippet":"max-snippet:-1","max-image-preview":"max-image-preview:large","max-video-preview":"max-video-preview:-1"},"canonical":"https:\/\/www.las-islas-reisen.de\/magazin\/mallorca-im-winter\/","twitter_misc":{"Verfasst von":"Las Islas Reisen","Gesch\u00e4tzte Lesezeit":"7\u00a0Minuten"},"schema":{"@context":"https:\/\/schema.org","@graph":[{"@type":"Article","@id":"https:\/\/www.las-islas-reisen.de\/magazin\/mallorca-im-winter\/#article","isPartOf":{"@id":"https:\/\/www.las-islas-reisen.de\/magazin\/mallorca-im-winter\/"},"author":{"name":"Las Islas Reisen","@id":"https:\/\/www.las-islas-reisen.de\/magazin\/#\/schema\/person\/3518c9096bde8c3b0c3c5175ddda68f1"},"headline":"6 gute Gr\u00fcnde, Mallorca im Winter zu besuchen","datePublished":"2015-09-30T07:11:02+00:00","dateModified":"2026-03-12T08:05:16+00:00","mainEntityOfPage":{"@id":"https:\/\/www.las-islas-reisen.de\/magazin\/mallorca-im-winter\/"},"wordCount":991,"commentCount":0,"publisher":{"@id":"https:\/\/www.las-islas-reisen.de\/magazin\/#organization"},"image":{"@id":"https:\/\/www.las-islas-reisen.de\/magazin\/mallorca-im-winter\/#primaryimage"},"thumbnailUrl":"https:\/\/www.las-islas-reisen.de\/magazin\/wp-content\/uploads\/2015\/09\/mallorca-im-winter.jpg","articleSection":["Gut zu wissen","Saisonal"],"inLanguage":"de","potentialAction":[{"@type":"CommentAction","name":"Comment","target":["https:\/\/www.las-islas-reisen.de\/magazin\/mallorca-im-winter\/#respond"]}]},{"@type":"WebPage","@id":"https:\/\/www.las-islas-reisen.de\/magazin\/mallorca-im-winter\/","url":"https:\/\/www.las-islas-reisen.de\/magazin\/mallorca-im-winter\/","name":"\u1405 Mallorca im Winter: 6 Gr\u00fcnde daf\u00fcr!","isPartOf":{"@id":"https:\/\/www.las-islas-reisen.de\/magazin\/#website"},"primaryImageOfPage":{"@id":"https:\/\/www.las-islas-reisen.de\/magazin\/mallorca-im-winter\/#primaryimage"},"image":{"@id":"https:\/\/www.las-islas-reisen.de\/magazin\/mallorca-im-winter\/#primaryimage"},"thumbnailUrl":"https:\/\/www.las-islas-reisen.de\/magazin\/wp-content\/uploads\/2015\/09\/mallorca-im-winter.jpg","datePublished":"2015-09-30T07:11:02+00:00","dateModified":"2026-03-12T08:05:16+00:00","description":"Wer Mallorca sagt, sieht vor sich Menschen in Bikini und Badehose, Menschen an vollen Str\u00e4nden vor dem glei\u00dfenden Mittelmeer, subtropisches, von Palmen","breadcrumb":{"@id":"https:\/\/www.las-islas-reisen.de\/magazin\/mallorca-im-winter\/#breadcrumb"},"inLanguage":"de","potentialAction":[{"@type":"ReadAction","target":["https:\/\/www.las-islas-reisen.de\/magazin\/mallorca-im-winter\/"]}]},{"@type":"ImageObject","inLanguage":"de","@id":"https:\/\/www.las-islas-reisen.de\/magazin\/mallorca-im-winter\/#primaryimage","url":"https:\/\/www.las-islas-reisen.de\/magazin\/wp-content\/uploads\/2015\/09\/mallorca-im-winter.jpg","contentUrl":"https:\/\/www.las-islas-reisen.de\/magazin\/wp-content\/uploads\/2015\/09\/mallorca-im-winter.jpg","width":670,"height":447},{"@type":"BreadcrumbList","@id":"https:\/\/www.las-islas-reisen.de\/magazin\/mallorca-im-winter\/#breadcrumb","itemListElement":[{"@type":"ListItem","position":1,"name":"Home","item":"https:\/\/www.las-islas-reisen.de\/magazin\/"},{"@type":"ListItem","position":2,"name":"6 gute Gr\u00fcnde, Mallorca im Winter zu besuchen"}]},{"@type":"WebSite","@id":"https:\/\/www.las-islas-reisen.de\/magazin\/#website","url":"https:\/\/www.las-islas-reisen.de\/magazin\/","name":"","description":"","publisher":{"@id":"https:\/\/www.las-islas-reisen.de\/magazin\/#organization"},"potentialAction":[{"@type":"SearchAction","target":{"@type":"EntryPoint","urlTemplate":"https:\/\/www.las-islas-reisen.de\/magazin\/?s={search_term_string}"},"query-input":{"@type":"PropertyValueSpecification","valueRequired":true,"valueName":"search_term_string"}}],"inLanguage":"de"},{"@type":"Organization","@id":"https:\/\/www.las-islas-reisen.de\/magazin\/#organization","name":"Las Islas Reisen GmbH","url":"https:\/\/www.las-islas-reisen.de\/magazin\/","logo":{"@type":"ImageObject","inLanguage":"de","@id":"https:\/\/www.las-islas-reisen.de\/magazin\/#\/schema\/logo\/image\/","url":"https:\/\/www.las-islas-reisen.de\/magazin\/wp-content\/uploads\/2015\/06\/logo6.jpg","contentUrl":"https:\/\/www.las-islas-reisen.de\/magazin\/wp-content\/uploads\/2015\/06\/logo6.jpg","width":700,"height":700,"caption":"Las Islas Reisen GmbH"},"image":{"@id":"https:\/\/www.las-islas-reisen.de\/magazin\/#\/schema\/logo\/image\/"}},{"@type":"Person","@id":"https:\/\/www.las-islas-reisen.de\/magazin\/#\/schema\/person\/3518c9096bde8c3b0c3c5175ddda68f1","name":"Las Islas Reisen"}]}},"modified_by":"Las Islas Reisen","_links":{"self":[{"href":"https:\/\/www.las-islas-reisen.de\/magazin\/wp-json\/wp\/v2\/posts\/375","targetHints":{"allow":["GET"]}}],"collection":[{"href":"https:\/\/www.las-islas-reisen.de\/magazin\/wp-json\/wp\/v2\/posts"}],"about":[{"href":"https:\/\/www.las-islas-reisen.de\/magazin\/wp-json\/wp\/v2\/types\/post"}],"author":[{"embeddable":true,"href":"https:\/\/www.las-islas-reisen.de\/magazin\/wp-json\/wp\/v2\/users\/1"}],"replies":[{"embeddable":true,"href":"https:\/\/www.las-islas-reisen.de\/magazin\/wp-json\/wp\/v2\/comments?post=375"}],"version-history":[{"count":1,"href":"https:\/\/www.las-islas-reisen.de\/magazin\/wp-json\/wp\/v2\/posts\/375\/revisions"}],"predecessor-version":[{"id":3232,"href":"https:\/\/www.las-islas-reisen.de\/magazin\/wp-json\/wp\/v2\/posts\/375\/revisions\/3232"}],"wp:featuredmedia":[{"embeddable":true,"href":"https:\/\/www.las-islas-reisen.de\/magazin\/wp-json\/wp\/v2\/media\/387"}],"wp:attachment":[{"href":"https:\/\/www.las-islas-reisen.de\/magazin\/wp-json\/wp\/v2\/media?parent=375"}],"wp:term":[{"taxonomy":"category","embeddable":true,"href":"https:\/\/www.las-islas-reisen.de\/magazin\/wp-json\/wp\/v2\/categories?post=375"},{"taxonomy":"post_tag","embeddable":true,"href":"https:\/\/www.las-islas-reisen.de\/magazin\/wp-json\/wp\/v2\/tags?post=375"}],"curies":[{"name":"wp","href":"https:\/\/api.w.org\/{rel}","templated":true}]}}